{"id":5949,"date":"2009-08-18T00:00:00","date_gmt":"2009-08-18T00:00:00","guid":{"rendered":"http:\/\/bilbaorkestra.eus\/la-bos-estrena-itoiz-suite-en-la-aste-nagusia-de-bilbao-2009-2\/"},"modified":"2009-08-18T00:00:00","modified_gmt":"2009-08-18T00:00:00","slug":"la-bos-estrena-itoiz-suite-en-la-aste-nagusia-de-bilbao-2009-2","status":"publish","type":"post","link":"https:\/\/www.bilbaorkestra.eus\/eu\/la-bos-estrena-itoiz-suite-en-la-aste-nagusia-de-bilbao-2009-2\/","title":{"rendered":"LA BOS ESTRENA ITOIZ SUITE EN LA ASTE NAGUSIA DE BILBAO"},"content":{"rendered":"<p>El s\u00e1bado 22 a las 23,30 en la explanada de Abandoibarra, junto al Museo Guggenheim Bilbao, la BOS vuelve a colaborar con el compositor vasco Juan Carlos P\u00e9rez. En esta ocasi\u00f3n presentando una suite sinf\u00f3nica que recoger algunos de los temas claves de la discografia de uno de los grupos vascos m\u00e1s influyentes y valorados: Itoiz. Itoiz suite ha sido escrita por Juan Carlos P\u00e9rez, el propio lider y cantante del grupo vasco. con quien ya la Orquesta ha colaborado en otra ocasi\u00f3n al abrir la Temporada 2007-2008 con el estreno absoluto de su obra sinf\u00f3nonica Bizkaieraz.<br \/>\nLa interpretaci\u00f3n de la obra de Juan Carlos P\u00e9rez, ser\u00e1 acompa\u00f1ada por las im\u00e1genes creadas ex\u2013profeso por el artista vasco  Jesus Mari Lazkano.<br \/>\nTras su presentaci\u00f3n en Bilbao, la obra ser\u00e1 presentada en la Quincena Musical Donostiarra el martes 25 de agosto en el Teatro Victoria Eugenia a la 20,00 horas. De esta obra se va a editar un disco que grabar\u00e1 la BOS los dias 1, 2 y 3 de septiembre.<br \/>\nSe da la circunstancia de que este concierto va a unir a dos de los musicos de la historia banda vasca. Juan Carlos Perez como compositor y Jose Garate que fue el bajista del grupo y que desde hace a\u00f1os es uno de los contrabajistas de la Orquesta.<\/p>\n","protected":false},"excerpt":{"rendered":"<p>La BOS estrena en Bilbao, la versi\u00f3n sinf\u00f3nica de algunas de los temas claves de la discograf\u00eda de Itoiz, que luego llevar\u00e1 a la Quincena Musical Donostiarra<\/p>\n","protected":false},"author":1,"featured_media":0,"comment_status":"open","ping_status":"open","sticky":false,"template":"","format":"standard","meta":{"_acf_changed":false,"footnotes":""},"categories":[52],"tags":[],"class_list":["post-5949","post","type-post","status-publish","format-standard","hentry","category-albistea"],"acf":[],"yoast_head":"<!-- This site is optimized with the Yoast SEO plugin v27.4 - https:\/\/yoast.com\/product\/yoast-seo-wordpress\/ -->\n<title>LA BOS ESTRENA ITOIZ SUITE EN LA ASTE NAGUSIA DE BILBAO - Bilbao Orkestra Sinfonikoa<\/title>\n<meta name=\"robots\" content=\"index, follow, max-snippet:-1, max-image-preview:large, max-video-preview:-1\" \/>\n<link rel=\"canonical\" href=\"https:\/\/www.bilbaorkestra.eus\/la-bos-estrena-itoiz-suite-en-la-aste-nagusia-de-bilbao-2009\/\" \/>\n<meta property=\"og:locale\" content=\"en_US\" \/>\n<meta property=\"og:type\" content=\"article\" \/>\n<meta property=\"og:title\" content=\"LA BOS ESTRENA ITOIZ SUITE EN LA ASTE NAGUSIA DE BILBAO - Bilbao Orkestra Sinfonikoa\" \/>\n<meta property=\"og:description\" content=\"La BOS estrena en Bilbao, la versi\u00f3n sinf\u00f3nica de algunas de los temas claves de la discograf\u00eda de Itoiz, que luego llevar\u00e1 a la Quincena Musical Donostiarra\" \/>\n<meta property=\"og:url\" content=\"https:\/\/www.bilbaorkestra.eus\/la-bos-estrena-itoiz-suite-en-la-aste-nagusia-de-bilbao-2009\/\" \/>\n<meta property=\"og:site_name\" content=\"Bilbao Orkestra Sinfonikoa\" \/>\n<meta property=\"article:publisher\" content=\"https:\/\/www.facebook.com\/SinfonicadeBilbao\" \/>\n<meta property=\"article:published_time\" content=\"2009-08-18T00:00:00+00:00\" \/>\n<meta name=\"author\" content=\"trek\" \/>\n<meta name=\"twitter:card\" content=\"summary_large_image\" \/>\n<meta name=\"twitter:label1\" content=\"Written by\" \/>\n\t<meta name=\"twitter:data1\" content=\"trek\" \/>\n\t<meta name=\"twitter:label2\" content=\"Est. reading time\" \/>\n\t<meta name=\"twitter:data2\" content=\"1 minutua\" \/>\n<script type=\"application\/ld+json\" class=\"yoast-schema-graph\">{\"@context\":\"https:\\\/\\\/schema.org\",\"@graph\":[{\"@type\":\"Article\",\"@id\":\"https:\\\/\\\/www.bilbaorkestra.eus\\\/la-bos-estrena-itoiz-suite-en-la-aste-nagusia-de-bilbao-2009\\\/#article\",\"isPartOf\":{\"@id\":\"https:\\\/\\\/www.bilbaorkestra.eus\\\/la-bos-estrena-itoiz-suite-en-la-aste-nagusia-de-bilbao-2009\\\/\"},\"author\":{\"name\":\"trek\",\"@id\":\"https:\\\/\\\/www.bilbaorkestra.eus\\\/#\\\/schema\\\/person\\\/13378462cfa1c45ee3b8f8772e2bed1d\"},\"headline\":\"LA BOS ESTRENA ITOIZ SUITE EN LA ASTE NAGUSIA DE BILBAO\",\"datePublished\":\"2009-08-18T00:00:00+00:00\",\"mainEntityOfPage\":{\"@id\":\"https:\\\/\\\/www.bilbaorkestra.eus\\\/la-bos-estrena-itoiz-suite-en-la-aste-nagusia-de-bilbao-2009\\\/\"},\"wordCount\":236,\"commentCount\":0,\"publisher\":{\"@id\":\"https:\\\/\\\/www.bilbaorkestra.eus\\\/#organization\"},\"articleSection\":[\"albistea\"],\"inLanguage\":\"eu\",\"potentialAction\":[{\"@type\":\"CommentAction\",\"name\":\"Comment\",\"target\":[\"https:\\\/\\\/www.bilbaorkestra.eus\\\/la-bos-estrena-itoiz-suite-en-la-aste-nagusia-de-bilbao-2009\\\/#respond\"]}]},{\"@type\":\"WebPage\",\"@id\":\"https:\\\/\\\/www.bilbaorkestra.eus\\\/la-bos-estrena-itoiz-suite-en-la-aste-nagusia-de-bilbao-2009\\\/\",\"url\":\"https:\\\/\\\/www.bilbaorkestra.eus\\\/la-bos-estrena-itoiz-suite-en-la-aste-nagusia-de-bilbao-2009\\\/\",\"name\":\"LA BOS ESTRENA ITOIZ SUITE EN LA ASTE NAGUSIA DE BILBAO - Bilbao Orkestra Sinfonikoa\",\"isPartOf\":{\"@id\":\"https:\\\/\\\/www.bilbaorkestra.eus\\\/#website\"},\"datePublished\":\"2009-08-18T00:00:00+00:00\",\"breadcrumb\":{\"@id\":\"https:\\\/\\\/www.bilbaorkestra.eus\\\/la-bos-estrena-itoiz-suite-en-la-aste-nagusia-de-bilbao-2009\\\/#breadcrumb\"},\"inLanguage\":\"eu\",\"potentialAction\":[{\"@type\":\"ReadAction\",\"target\":[\"https:\\\/\\\/www.bilbaorkestra.eus\\\/la-bos-estrena-itoiz-suite-en-la-aste-nagusia-de-bilbao-2009\\\/\"]}]},{\"@type\":\"BreadcrumbList\",\"@id\":\"https:\\\/\\\/www.bilbaorkestra.eus\\\/la-bos-estrena-itoiz-suite-en-la-aste-nagusia-de-bilbao-2009\\\/#breadcrumb\",\"itemListElement\":[{\"@type\":\"ListItem\",\"position\":1,\"name\":\"Portada\",\"item\":\"https:\\\/\\\/www.bilbaorkestra.eus\\\/\"},{\"@type\":\"ListItem\",\"position\":2,\"name\":\"LA BOS ESTRENA ITOIZ SUITE EN LA ASTE NAGUSIA DE BILBAO\"}]},{\"@type\":\"WebSite\",\"@id\":\"https:\\\/\\\/www.bilbaorkestra.eus\\\/#website\",\"url\":\"https:\\\/\\\/www.bilbaorkestra.eus\\\/\",\"name\":\"Bilbao Orkestra Sinfonikoa\",\"description\":\"P\u00e1gina web de la Orquesta Sinf\u00f3nica de Bilbao\",\"publisher\":{\"@id\":\"https:\\\/\\\/www.bilbaorkestra.eus\\\/#organization\"},\"potentialAction\":[{\"@type\":\"SearchAction\",\"target\":{\"@type\":\"EntryPoint\",\"urlTemplate\":\"https:\\\/\\\/www.bilbaorkestra.eus\\\/?s={search_term_string}\"},\"query-input\":{\"@type\":\"PropertyValueSpecification\",\"valueRequired\":true,\"valueName\":\"search_term_string\"}}],\"inLanguage\":\"eu\"},{\"@type\":\"Organization\",\"@id\":\"https:\\\/\\\/www.bilbaorkestra.eus\\\/#organization\",\"name\":\"Bilbao Orkestra Sinfonikoa\",\"url\":\"https:\\\/\\\/www.bilbaorkestra.eus\\\/\",\"logo\":{\"@type\":\"ImageObject\",\"inLanguage\":\"eu\",\"@id\":\"https:\\\/\\\/www.bilbaorkestra.eus\\\/#\\\/schema\\\/logo\\\/image\\\/\",\"url\":\"https:\\\/\\\/www.bilbaorkestra.eus\\\/wp-content\\\/uploads\\\/2016\\\/04\\\/logo-BOS-CMYK.jpg\",\"contentUrl\":\"https:\\\/\\\/www.bilbaorkestra.eus\\\/wp-content\\\/uploads\\\/2016\\\/04\\\/logo-BOS-CMYK.jpg\",\"width\":1772,\"height\":2113,\"caption\":\"Bilbao Orkestra Sinfonikoa\"},\"image\":{\"@id\":\"https:\\\/\\\/www.bilbaorkestra.eus\\\/#\\\/schema\\\/logo\\\/image\\\/\"},\"sameAs\":[\"https:\\\/\\\/www.facebook.com\\\/SinfonicadeBilbao\"]},{\"@type\":\"Person\",\"@id\":\"https:\\\/\\\/www.bilbaorkestra.eus\\\/#\\\/schema\\\/person\\\/13378462cfa1c45ee3b8f8772e2bed1d\",\"name\":\"trek\",\"image\":{\"@type\":\"ImageObject\",\"inLanguage\":\"eu\",\"@id\":\"https:\\\/\\\/secure.gravatar.com\\\/avatar\\\/f3c007bca7e0cf283dcd16b02bbaedbf3c5cf11c44d9e027ecf0a4846842e067?s=96&d=mm&r=g\",\"url\":\"https:\\\/\\\/secure.gravatar.com\\\/avatar\\\/f3c007bca7e0cf283dcd16b02bbaedbf3c5cf11c44d9e027ecf0a4846842e067?s=96&d=mm&r=g\",\"contentUrl\":\"https:\\\/\\\/secure.gravatar.com\\\/avatar\\\/f3c007bca7e0cf283dcd16b02bbaedbf3c5cf11c44d9e027ecf0a4846842e067?s=96&d=mm&r=g\",\"caption\":\"trek\"},\"url\":\"https:\\\/\\\/www.bilbaorkestra.eus\\\/eu\\\/author\\\/trek\\\/\"}]}<\/script>\n<!-- \/ Yoast SEO plugin. -->","yoast_head_json":{"title":"LA BOS ESTRENA ITOIZ SUITE EN LA ASTE NAGUSIA DE BILBAO - Bilbao Orkestra Sinfonikoa","robots":{"index":"index","follow":"follow","max-snippet":"max-snippet:-1","max-image-preview":"max-image-preview:large","max-video-preview":"max-video-preview:-1"},"canonical":"https:\/\/www.bilbaorkestra.eus\/la-bos-estrena-itoiz-suite-en-la-aste-nagusia-de-bilbao-2009\/","og_locale":"en_US","og_type":"article","og_title":"LA BOS ESTRENA ITOIZ SUITE EN LA ASTE NAGUSIA DE BILBAO - Bilbao Orkestra Sinfonikoa","og_description":"La BOS estrena en Bilbao, la versi\u00f3n sinf\u00f3nica de algunas de los temas claves de la discograf\u00eda de Itoiz, que luego llevar\u00e1 a la Quincena Musical Donostiarra","og_url":"https:\/\/www.bilbaorkestra.eus\/la-bos-estrena-itoiz-suite-en-la-aste-nagusia-de-bilbao-2009\/","og_site_name":"Bilbao Orkestra Sinfonikoa","article_publisher":"https:\/\/www.facebook.com\/SinfonicadeBilbao","article_published_time":"2009-08-18T00:00:00+00:00","author":"trek","twitter_card":"summary_large_image","twitter_misc":{"Written by":"trek","Est. reading time":"1 minutua"},"schema":{"@context":"https:\/\/schema.org","@graph":[{"@type":"Article","@id":"https:\/\/www.bilbaorkestra.eus\/la-bos-estrena-itoiz-suite-en-la-aste-nagusia-de-bilbao-2009\/#article","isPartOf":{"@id":"https:\/\/www.bilbaorkestra.eus\/la-bos-estrena-itoiz-suite-en-la-aste-nagusia-de-bilbao-2009\/"},"author":{"name":"trek","@id":"https:\/\/www.bilbaorkestra.eus\/#\/schema\/person\/13378462cfa1c45ee3b8f8772e2bed1d"},"headline":"LA BOS ESTRENA ITOIZ SUITE EN LA ASTE NAGUSIA DE BILBAO","datePublished":"2009-08-18T00:00:00+00:00","mainEntityOfPage":{"@id":"https:\/\/www.bilbaorkestra.eus\/la-bos-estrena-itoiz-suite-en-la-aste-nagusia-de-bilbao-2009\/"},"wordCount":236,"commentCount":0,"publisher":{"@id":"https:\/\/www.bilbaorkestra.eus\/#organization"},"articleSection":["albistea"],"inLanguage":"eu","potentialAction":[{"@type":"CommentAction","name":"Comment","target":["https:\/\/www.bilbaorkestra.eus\/la-bos-estrena-itoiz-suite-en-la-aste-nagusia-de-bilbao-2009\/#respond"]}]},{"@type":"WebPage","@id":"https:\/\/www.bilbaorkestra.eus\/la-bos-estrena-itoiz-suite-en-la-aste-nagusia-de-bilbao-2009\/","url":"https:\/\/www.bilbaorkestra.eus\/la-bos-estrena-itoiz-suite-en-la-aste-nagusia-de-bilbao-2009\/","name":"LA BOS ESTRENA ITOIZ SUITE EN LA ASTE NAGUSIA DE BILBAO - Bilbao Orkestra Sinfonikoa","isPartOf":{"@id":"https:\/\/www.bilbaorkestra.eus\/#website"},"datePublished":"2009-08-18T00:00:00+00:00","breadcrumb":{"@id":"https:\/\/www.bilbaorkestra.eus\/la-bos-estrena-itoiz-suite-en-la-aste-nagusia-de-bilbao-2009\/#breadcrumb"},"inLanguage":"eu","potentialAction":[{"@type":"ReadAction","target":["https:\/\/www.bilbaorkestra.eus\/la-bos-estrena-itoiz-suite-en-la-aste-nagusia-de-bilbao-2009\/"]}]},{"@type":"BreadcrumbList","@id":"https:\/\/www.bilbaorkestra.eus\/la-bos-estrena-itoiz-suite-en-la-aste-nagusia-de-bilbao-2009\/#breadcrumb","itemListElement":[{"@type":"ListItem","position":1,"name":"Portada","item":"https:\/\/www.bilbaorkestra.eus\/"},{"@type":"ListItem","position":2,"name":"LA BOS ESTRENA ITOIZ SUITE EN LA ASTE NAGUSIA DE BILBAO"}]},{"@type":"WebSite","@id":"https:\/\/www.bilbaorkestra.eus\/#website","url":"https:\/\/www.bilbaorkestra.eus\/","name":"Bilbao Orkestra Sinfonikoa","description":"P\u00e1gina web de la Orquesta Sinf\u00f3nica de Bilbao","publisher":{"@id":"https:\/\/www.bilbaorkestra.eus\/#organization"},"potentialAction":[{"@type":"SearchAction","target":{"@type":"EntryPoint","urlTemplate":"https:\/\/www.bilbaorkestra.eus\/?s={search_term_string}"},"query-input":{"@type":"PropertyValueSpecification","valueRequired":true,"valueName":"search_term_string"}}],"inLanguage":"eu"},{"@type":"Organization","@id":"https:\/\/www.bilbaorkestra.eus\/#organization","name":"Bilbao Orkestra Sinfonikoa","url":"https:\/\/www.bilbaorkestra.eus\/","logo":{"@type":"ImageObject","inLanguage":"eu","@id":"https:\/\/www.bilbaorkestra.eus\/#\/schema\/logo\/image\/","url":"https:\/\/www.bilbaorkestra.eus\/wp-content\/uploads\/2016\/04\/logo-BOS-CMYK.jpg","contentUrl":"https:\/\/www.bilbaorkestra.eus\/wp-content\/uploads\/2016\/04\/logo-BOS-CMYK.jpg","width":1772,"height":2113,"caption":"Bilbao Orkestra Sinfonikoa"},"image":{"@id":"https:\/\/www.bilbaorkestra.eus\/#\/schema\/logo\/image\/"},"sameAs":["https:\/\/www.facebook.com\/SinfonicadeBilbao"]},{"@type":"Person","@id":"https:\/\/www.bilbaorkestra.eus\/#\/schema\/person\/13378462cfa1c45ee3b8f8772e2bed1d","name":"trek","image":{"@type":"ImageObject","inLanguage":"eu","@id":"https:\/\/secure.gravatar.com\/avatar\/f3c007bca7e0cf283dcd16b02bbaedbf3c5cf11c44d9e027ecf0a4846842e067?s=96&d=mm&r=g","url":"https:\/\/secure.gravatar.com\/avatar\/f3c007bca7e0cf283dcd16b02bbaedbf3c5cf11c44d9e027ecf0a4846842e067?s=96&d=mm&r=g","contentUrl":"https:\/\/secure.gravatar.com\/avatar\/f3c007bca7e0cf283dcd16b02bbaedbf3c5cf11c44d9e027ecf0a4846842e067?s=96&d=mm&r=g","caption":"trek"},"url":"https:\/\/www.bilbaorkestra.eus\/eu\/author\/trek\/"}]}},"_links":{"self":[{"href":"https:\/\/www.bilbaorkestra.eus\/eu\/wp-json\/wp\/v2\/posts\/5949","targetHints":{"allow":["GET"]}}],"collection":[{"href":"https:\/\/www.bilbaorkestra.eus\/eu\/wp-json\/wp\/v2\/posts"}],"about":[{"href":"https:\/\/www.bilbaorkestra.eus\/eu\/wp-json\/wp\/v2\/types\/post"}],"author":[{"embeddable":true,"href":"https:\/\/www.bilbaorkestra.eus\/eu\/wp-json\/wp\/v2\/users\/1"}],"replies":[{"embeddable":true,"href":"https:\/\/www.bilbaorkestra.eus\/eu\/wp-json\/wp\/v2\/comments?post=5949"}],"version-history":[{"count":0,"href":"https:\/\/www.bilbaorkestra.eus\/eu\/wp-json\/wp\/v2\/posts\/5949\/revisions"}],"wp:attachment":[{"href":"https:\/\/www.bilbaorkestra.eus\/eu\/wp-json\/wp\/v2\/media?parent=5949"}],"wp:term":[{"taxonomy":"category","embeddable":true,"href":"https:\/\/www.bilbaorkestra.eus\/eu\/wp-json\/wp\/v2\/categories?post=5949"},{"taxonomy":"post_tag","embeddable":true,"href":"https:\/\/www.bilbaorkestra.eus\/eu\/wp-json\/wp\/v2\/tags?post=5949"}],"curies":[{"name":"wp","href":"https:\/\/api.w.org\/{rel}","templated":true}]}}