{"id":26095,"date":"2022-12-28T14:30:24","date_gmt":"2022-12-28T12:30:24","guid":{"rendered":"https:\/\/bilbaorkestra.eus\/eolo-company\/"},"modified":"2023-01-02T17:36:47","modified_gmt":"2023-01-02T15:36:47","slug":"eolo-company","status":"publish","type":"post","link":"https:\/\/www.bilbaorkestra.eus\/eu\/eolo-company\/","title":{"rendered":"Eolo &#038; Company"},"content":{"rendered":"<p><strong>Kontzertua familia giroan haize eta perkusioentzat<\/strong><br \/>\nCambini, Ravel, Stravinsky, Benny Golson, etab.<br \/>\n<strong>Andreas Prittwitz<\/strong>, bakarlaria eta narratzailea<br \/>\n<strong>Susana G\u00f3mez<\/strong>, testua<br \/>\n<strong>Daniel Perpi\u00f1\u00e1n<\/strong>, zuzendaria<\/p>\n<p><strong>Bilbao Orkestra Sinfonikoa<\/strong> (haize eta perkusio sekzioak)<\/p>\n<p>Conservatorio de M\u00fasica Juan Cris\u00f3stomo de Arriaga Musika Kontserbatorioa.<br \/>\n<strong>Dohainekoa.<\/strong><br \/>\nHizkuntza: gaztelaina.<br \/>\n\u00adL.H. 5-6 eta D.B.H. 1-2.<br \/>\nkastetxeei\u00ad zuzendutako \u00adprograma.\u00ad Sartzeko,\u00ad aldez\u00ad aurretik\u00ad izena\u00ad eman \u00adbehar \u00adda,\u00ad eta \u00adbaieztapena \u00adjaso: <a href=\"mailto:musikahazi@bilbaorkestra.eus\">musikahazi@bilbaorkestra.eus<\/a><\/p>\n<h4>Datak<\/h4>\n<p><strong>Urtarrilak 25<\/strong>. 10:00 y 11:30 h.<br \/>\n<strong>Urtarrilak 26<\/strong>. 10:00 y 11:30 h.<br \/>\n<strong>Urtarrilak 27<\/strong>. 10:00 y 11:30 h.<\/p>\n<hr>\n<p><strong>\u00bfConoc\u00e9is la historia de Eolo, el se\u00f1or de los vientos?<\/strong><br \/>\nHace miles de a\u00f1os Eolo, el dios de los vientos en la mitolog\u00eda griega, regal\u00f3 un ba\u00fal lleno de vientos al navegante Ulises para que pudiera llegar r\u00e1pidamente en su barco de vela a su destino. Sus marineros no pudieron aguantar la curiosidad y lo abrieron en medio del mar. \u00a1Y la que se organiz\u00f3! Todos los vientos descontrolados originaban tormentas, olas gigantes, truenos, rayos\u2026 Desde entonces, Eolo los est\u00e1 buscando por todo el mundo para llev\u00e1rselos de nuevo a casa\u2026<\/p>\n","protected":false},"excerpt":{"rendered":"<p>Kontzertua familia giroan haize eta perkusioentzat Cambini, Ravel, Stravinsky, Benny Golson, etab. Andreas Prittwitz, bakarlaria eta narratzailea Susana G\u00f3mez, testua Daniel Perpi\u00f1\u00e1n, zuzendaria Bilbao Orkestra Sinfonikoa (haize eta perkusio sekzioak) Conservatorio de M\u00fasica Juan Cris\u00f3stomo de Arriaga Musika Kontserbatorioa. Dohainekoa. Hizkuntza: gaztelaina. \u00adL.H. 5-6 eta D.B.H. 1-2. kastetxeei\u00ad zuzendutako \u00adprograma.\u00ad Sartzeko,\u00ad aldez\u00ad aurretik\u00ad izena\u00ad eman &hellip; <a href=\"https:\/\/www.bilbaorkestra.eus\/eu\/eolo-company\/\" class=\"more-link\">Jarraitu irakurtzen<span class=\"screen-reader-text\"> &#8220;Eolo &#038; Company&#8221;<\/span><\/a><\/p>\n","protected":false},"author":1,"featured_media":25630,"comment_status":"open","ping_status":"open","sticky":false,"template":"","format":"standard","meta":{"_acf_changed":false,"footnotes":""},"categories":[87],"tags":[],"class_list":["post-26095","post","type-post","status-publish","format-standard","has-post-thumbnail","hentry","category-aktibitateak"],"acf":[],"yoast_head":"<!-- This site is optimized with the Yoast SEO plugin v27.4 - https:\/\/yoast.com\/product\/yoast-seo-wordpress\/ -->\n<title>Eolo &amp; Company - Bilbao Orkestra Sinfonikoa<\/title>\n<meta name=\"robots\" content=\"index, follow, max-snippet:-1, max-image-preview:large, max-video-preview:-1\" \/>\n<link rel=\"canonical\" href=\"https:\/\/www.bilbaorkestra.eus\/eu\/eolo-company\/\" \/>\n<meta property=\"og:locale\" content=\"en_US\" \/>\n<meta property=\"og:type\" content=\"article\" \/>\n<meta property=\"og:title\" content=\"Eolo &amp; Company - Bilbao Orkestra Sinfonikoa\" \/>\n<meta property=\"og:description\" content=\"Kontzertua familia giroan haize eta perkusioentzat Cambini, Ravel, Stravinsky, Benny Golson, etab. Andreas Prittwitz, bakarlaria eta narratzailea Susana G\u00f3mez, testua Daniel Perpi\u00f1\u00e1n, zuzendaria Bilbao Orkestra Sinfonikoa (haize eta perkusio sekzioak) Conservatorio de M\u00fasica Juan Cris\u00f3stomo de Arriaga Musika Kontserbatorioa. Dohainekoa. Hizkuntza: gaztelaina. \u00adL.H. 5-6 eta D.B.H. 1-2. kastetxeei\u00ad zuzendutako \u00adprograma.\u00ad Sartzeko,\u00ad aldez\u00ad aurretik\u00ad izena\u00ad eman &hellip; Jarraitu irakurtzen &quot;Eolo &#038; Company&quot;\" \/>\n<meta property=\"og:url\" content=\"https:\/\/www.bilbaorkestra.eus\/eu\/eolo-company\/\" \/>\n<meta property=\"og:site_name\" content=\"Bilbao Orkestra Sinfonikoa\" \/>\n<meta property=\"article:publisher\" content=\"https:\/\/www.facebook.com\/SinfonicadeBilbao\" \/>\n<meta property=\"article:published_time\" content=\"2022-12-28T12:30:24+00:00\" \/>\n<meta property=\"article:modified_time\" content=\"2023-01-02T15:36:47+00:00\" \/>\n<meta property=\"og:image\" content=\"https:\/\/www.bilbaorkestra.eus\/wp-content\/uploads\/2022\/12\/eolo.jpg\" \/>\n\t<meta property=\"og:image:width\" content=\"800\" \/>\n\t<meta property=\"og:image:height\" content=\"500\" \/>\n\t<meta property=\"og:image:type\" content=\"image\/jpeg\" \/>\n<meta name=\"author\" content=\"trek\" \/>\n<meta name=\"twitter:card\" content=\"summary_large_image\" \/>\n<meta name=\"twitter:label1\" content=\"Written by\" \/>\n\t<meta name=\"twitter:data1\" content=\"trek\" \/>\n\t<meta name=\"twitter:label2\" content=\"Est. reading time\" \/>\n\t<meta name=\"twitter:data2\" content=\"1 minutua\" \/>\n<script type=\"application\/ld+json\" class=\"yoast-schema-graph\">{\"@context\":\"https:\\\/\\\/schema.org\",\"@graph\":[{\"@type\":\"Article\",\"@id\":\"https:\\\/\\\/www.bilbaorkestra.eus\\\/eu\\\/eolo-company\\\/#article\",\"isPartOf\":{\"@id\":\"https:\\\/\\\/www.bilbaorkestra.eus\\\/eu\\\/eolo-company\\\/\"},\"author\":{\"name\":\"trek\",\"@id\":\"https:\\\/\\\/www.bilbaorkestra.eus\\\/#\\\/schema\\\/person\\\/13378462cfa1c45ee3b8f8772e2bed1d\"},\"headline\":\"Eolo &#038; Company\",\"datePublished\":\"2022-12-28T12:30:24+00:00\",\"dateModified\":\"2023-01-02T15:36:47+00:00\",\"mainEntityOfPage\":{\"@id\":\"https:\\\/\\\/www.bilbaorkestra.eus\\\/eu\\\/eolo-company\\\/\"},\"wordCount\":180,\"commentCount\":0,\"publisher\":{\"@id\":\"https:\\\/\\\/www.bilbaorkestra.eus\\\/#organization\"},\"image\":{\"@id\":\"https:\\\/\\\/www.bilbaorkestra.eus\\\/eu\\\/eolo-company\\\/#primaryimage\"},\"thumbnailUrl\":\"https:\\\/\\\/www.bilbaorkestra.eus\\\/wp-content\\\/uploads\\\/2022\\\/12\\\/eolo.jpg\",\"articleSection\":[\"aktibitateak\"],\"inLanguage\":\"eu\",\"potentialAction\":[{\"@type\":\"CommentAction\",\"name\":\"Comment\",\"target\":[\"https:\\\/\\\/www.bilbaorkestra.eus\\\/eu\\\/eolo-company\\\/#respond\"]}]},{\"@type\":\"WebPage\",\"@id\":\"https:\\\/\\\/www.bilbaorkestra.eus\\\/eu\\\/eolo-company\\\/\",\"url\":\"https:\\\/\\\/www.bilbaorkestra.eus\\\/eu\\\/eolo-company\\\/\",\"name\":\"Eolo & Company - Bilbao Orkestra Sinfonikoa\",\"isPartOf\":{\"@id\":\"https:\\\/\\\/www.bilbaorkestra.eus\\\/#website\"},\"primaryImageOfPage\":{\"@id\":\"https:\\\/\\\/www.bilbaorkestra.eus\\\/eu\\\/eolo-company\\\/#primaryimage\"},\"image\":{\"@id\":\"https:\\\/\\\/www.bilbaorkestra.eus\\\/eu\\\/eolo-company\\\/#primaryimage\"},\"thumbnailUrl\":\"https:\\\/\\\/www.bilbaorkestra.eus\\\/wp-content\\\/uploads\\\/2022\\\/12\\\/eolo.jpg\",\"datePublished\":\"2022-12-28T12:30:24+00:00\",\"dateModified\":\"2023-01-02T15:36:47+00:00\",\"breadcrumb\":{\"@id\":\"https:\\\/\\\/www.bilbaorkestra.eus\\\/eu\\\/eolo-company\\\/#breadcrumb\"},\"inLanguage\":\"eu\",\"potentialAction\":[{\"@type\":\"ReadAction\",\"target\":[\"https:\\\/\\\/www.bilbaorkestra.eus\\\/eu\\\/eolo-company\\\/\"]}]},{\"@type\":\"ImageObject\",\"inLanguage\":\"eu\",\"@id\":\"https:\\\/\\\/www.bilbaorkestra.eus\\\/eu\\\/eolo-company\\\/#primaryimage\",\"url\":\"https:\\\/\\\/www.bilbaorkestra.eus\\\/wp-content\\\/uploads\\\/2022\\\/12\\\/eolo.jpg\",\"contentUrl\":\"https:\\\/\\\/www.bilbaorkestra.eus\\\/wp-content\\\/uploads\\\/2022\\\/12\\\/eolo.jpg\",\"width\":800,\"height\":500},{\"@type\":\"BreadcrumbList\",\"@id\":\"https:\\\/\\\/www.bilbaorkestra.eus\\\/eu\\\/eolo-company\\\/#breadcrumb\",\"itemListElement\":[{\"@type\":\"ListItem\",\"position\":1,\"name\":\"Portada\",\"item\":\"https:\\\/\\\/www.bilbaorkestra.eus\\\/\"},{\"@type\":\"ListItem\",\"position\":2,\"name\":\"Eolo &#038; Company\"}]},{\"@type\":\"WebSite\",\"@id\":\"https:\\\/\\\/www.bilbaorkestra.eus\\\/#website\",\"url\":\"https:\\\/\\\/www.bilbaorkestra.eus\\\/\",\"name\":\"Bilbao Orkestra Sinfonikoa\",\"description\":\"P\u00e1gina web de la Orquesta Sinf\u00f3nica de Bilbao\",\"publisher\":{\"@id\":\"https:\\\/\\\/www.bilbaorkestra.eus\\\/#organization\"},\"potentialAction\":[{\"@type\":\"SearchAction\",\"target\":{\"@type\":\"EntryPoint\",\"urlTemplate\":\"https:\\\/\\\/www.bilbaorkestra.eus\\\/?s={search_term_string}\"},\"query-input\":{\"@type\":\"PropertyValueSpecification\",\"valueRequired\":true,\"valueName\":\"search_term_string\"}}],\"inLanguage\":\"eu\"},{\"@type\":\"Organization\",\"@id\":\"https:\\\/\\\/www.bilbaorkestra.eus\\\/#organization\",\"name\":\"Bilbao Orkestra Sinfonikoa\",\"url\":\"https:\\\/\\\/www.bilbaorkestra.eus\\\/\",\"logo\":{\"@type\":\"ImageObject\",\"inLanguage\":\"eu\",\"@id\":\"https:\\\/\\\/www.bilbaorkestra.eus\\\/#\\\/schema\\\/logo\\\/image\\\/\",\"url\":\"https:\\\/\\\/www.bilbaorkestra.eus\\\/wp-content\\\/uploads\\\/2016\\\/04\\\/logo-BOS-CMYK.jpg\",\"contentUrl\":\"https:\\\/\\\/www.bilbaorkestra.eus\\\/wp-content\\\/uploads\\\/2016\\\/04\\\/logo-BOS-CMYK.jpg\",\"width\":1772,\"height\":2113,\"caption\":\"Bilbao Orkestra Sinfonikoa\"},\"image\":{\"@id\":\"https:\\\/\\\/www.bilbaorkestra.eus\\\/#\\\/schema\\\/logo\\\/image\\\/\"},\"sameAs\":[\"https:\\\/\\\/www.facebook.com\\\/SinfonicadeBilbao\"]},{\"@type\":\"Person\",\"@id\":\"https:\\\/\\\/www.bilbaorkestra.eus\\\/#\\\/schema\\\/person\\\/13378462cfa1c45ee3b8f8772e2bed1d\",\"name\":\"trek\",\"image\":{\"@type\":\"ImageObject\",\"inLanguage\":\"eu\",\"@id\":\"https:\\\/\\\/secure.gravatar.com\\\/avatar\\\/f3c007bca7e0cf283dcd16b02bbaedbf3c5cf11c44d9e027ecf0a4846842e067?s=96&d=mm&r=g\",\"url\":\"https:\\\/\\\/secure.gravatar.com\\\/avatar\\\/f3c007bca7e0cf283dcd16b02bbaedbf3c5cf11c44d9e027ecf0a4846842e067?s=96&d=mm&r=g\",\"contentUrl\":\"https:\\\/\\\/secure.gravatar.com\\\/avatar\\\/f3c007bca7e0cf283dcd16b02bbaedbf3c5cf11c44d9e027ecf0a4846842e067?s=96&d=mm&r=g\",\"caption\":\"trek\"},\"url\":\"https:\\\/\\\/www.bilbaorkestra.eus\\\/eu\\\/author\\\/trek\\\/\"}]}<\/script>\n<!-- \/ Yoast SEO plugin. -->","yoast_head_json":{"title":"Eolo & Company - Bilbao Orkestra Sinfonikoa","robots":{"index":"index","follow":"follow","max-snippet":"max-snippet:-1","max-image-preview":"max-image-preview:large","max-video-preview":"max-video-preview:-1"},"canonical":"https:\/\/www.bilbaorkestra.eus\/eu\/eolo-company\/","og_locale":"en_US","og_type":"article","og_title":"Eolo & Company - Bilbao Orkestra Sinfonikoa","og_description":"Kontzertua familia giroan haize eta perkusioentzat Cambini, Ravel, Stravinsky, Benny Golson, etab. Andreas Prittwitz, bakarlaria eta narratzailea Susana G\u00f3mez, testua Daniel Perpi\u00f1\u00e1n, zuzendaria Bilbao Orkestra Sinfonikoa (haize eta perkusio sekzioak) Conservatorio de M\u00fasica Juan Cris\u00f3stomo de Arriaga Musika Kontserbatorioa. Dohainekoa. Hizkuntza: gaztelaina. \u00adL.H. 5-6 eta D.B.H. 1-2. kastetxeei\u00ad zuzendutako \u00adprograma.\u00ad Sartzeko,\u00ad aldez\u00ad aurretik\u00ad izena\u00ad eman &hellip; Jarraitu irakurtzen \"Eolo &#038; Company\"","og_url":"https:\/\/www.bilbaorkestra.eus\/eu\/eolo-company\/","og_site_name":"Bilbao Orkestra Sinfonikoa","article_publisher":"https:\/\/www.facebook.com\/SinfonicadeBilbao","article_published_time":"2022-12-28T12:30:24+00:00","article_modified_time":"2023-01-02T15:36:47+00:00","og_image":[{"width":800,"height":500,"url":"https:\/\/www.bilbaorkestra.eus\/wp-content\/uploads\/2022\/12\/eolo.jpg","type":"image\/jpeg"}],"author":"trek","twitter_card":"summary_large_image","twitter_misc":{"Written by":"trek","Est. reading time":"1 minutua"},"schema":{"@context":"https:\/\/schema.org","@graph":[{"@type":"Article","@id":"https:\/\/www.bilbaorkestra.eus\/eu\/eolo-company\/#article","isPartOf":{"@id":"https:\/\/www.bilbaorkestra.eus\/eu\/eolo-company\/"},"author":{"name":"trek","@id":"https:\/\/www.bilbaorkestra.eus\/#\/schema\/person\/13378462cfa1c45ee3b8f8772e2bed1d"},"headline":"Eolo &#038; Company","datePublished":"2022-12-28T12:30:24+00:00","dateModified":"2023-01-02T15:36:47+00:00","mainEntityOfPage":{"@id":"https:\/\/www.bilbaorkestra.eus\/eu\/eolo-company\/"},"wordCount":180,"commentCount":0,"publisher":{"@id":"https:\/\/www.bilbaorkestra.eus\/#organization"},"image":{"@id":"https:\/\/www.bilbaorkestra.eus\/eu\/eolo-company\/#primaryimage"},"thumbnailUrl":"https:\/\/www.bilbaorkestra.eus\/wp-content\/uploads\/2022\/12\/eolo.jpg","articleSection":["aktibitateak"],"inLanguage":"eu","potentialAction":[{"@type":"CommentAction","name":"Comment","target":["https:\/\/www.bilbaorkestra.eus\/eu\/eolo-company\/#respond"]}]},{"@type":"WebPage","@id":"https:\/\/www.bilbaorkestra.eus\/eu\/eolo-company\/","url":"https:\/\/www.bilbaorkestra.eus\/eu\/eolo-company\/","name":"Eolo & Company - Bilbao Orkestra Sinfonikoa","isPartOf":{"@id":"https:\/\/www.bilbaorkestra.eus\/#website"},"primaryImageOfPage":{"@id":"https:\/\/www.bilbaorkestra.eus\/eu\/eolo-company\/#primaryimage"},"image":{"@id":"https:\/\/www.bilbaorkestra.eus\/eu\/eolo-company\/#primaryimage"},"thumbnailUrl":"https:\/\/www.bilbaorkestra.eus\/wp-content\/uploads\/2022\/12\/eolo.jpg","datePublished":"2022-12-28T12:30:24+00:00","dateModified":"2023-01-02T15:36:47+00:00","breadcrumb":{"@id":"https:\/\/www.bilbaorkestra.eus\/eu\/eolo-company\/#breadcrumb"},"inLanguage":"eu","potentialAction":[{"@type":"ReadAction","target":["https:\/\/www.bilbaorkestra.eus\/eu\/eolo-company\/"]}]},{"@type":"ImageObject","inLanguage":"eu","@id":"https:\/\/www.bilbaorkestra.eus\/eu\/eolo-company\/#primaryimage","url":"https:\/\/www.bilbaorkestra.eus\/wp-content\/uploads\/2022\/12\/eolo.jpg","contentUrl":"https:\/\/www.bilbaorkestra.eus\/wp-content\/uploads\/2022\/12\/eolo.jpg","width":800,"height":500},{"@type":"BreadcrumbList","@id":"https:\/\/www.bilbaorkestra.eus\/eu\/eolo-company\/#breadcrumb","itemListElement":[{"@type":"ListItem","position":1,"name":"Portada","item":"https:\/\/www.bilbaorkestra.eus\/"},{"@type":"ListItem","position":2,"name":"Eolo &#038; Company"}]},{"@type":"WebSite","@id":"https:\/\/www.bilbaorkestra.eus\/#website","url":"https:\/\/www.bilbaorkestra.eus\/","name":"Bilbao Orkestra Sinfonikoa","description":"P\u00e1gina web de la Orquesta Sinf\u00f3nica de Bilbao","publisher":{"@id":"https:\/\/www.bilbaorkestra.eus\/#organization"},"potentialAction":[{"@type":"SearchAction","target":{"@type":"EntryPoint","urlTemplate":"https:\/\/www.bilbaorkestra.eus\/?s={search_term_string}"},"query-input":{"@type":"PropertyValueSpecification","valueRequired":true,"valueName":"search_term_string"}}],"inLanguage":"eu"},{"@type":"Organization","@id":"https:\/\/www.bilbaorkestra.eus\/#organization","name":"Bilbao Orkestra Sinfonikoa","url":"https:\/\/www.bilbaorkestra.eus\/","logo":{"@type":"ImageObject","inLanguage":"eu","@id":"https:\/\/www.bilbaorkestra.eus\/#\/schema\/logo\/image\/","url":"https:\/\/www.bilbaorkestra.eus\/wp-content\/uploads\/2016\/04\/logo-BOS-CMYK.jpg","contentUrl":"https:\/\/www.bilbaorkestra.eus\/wp-content\/uploads\/2016\/04\/logo-BOS-CMYK.jpg","width":1772,"height":2113,"caption":"Bilbao Orkestra Sinfonikoa"},"image":{"@id":"https:\/\/www.bilbaorkestra.eus\/#\/schema\/logo\/image\/"},"sameAs":["https:\/\/www.facebook.com\/SinfonicadeBilbao"]},{"@type":"Person","@id":"https:\/\/www.bilbaorkestra.eus\/#\/schema\/person\/13378462cfa1c45ee3b8f8772e2bed1d","name":"trek","image":{"@type":"ImageObject","inLanguage":"eu","@id":"https:\/\/secure.gravatar.com\/avatar\/f3c007bca7e0cf283dcd16b02bbaedbf3c5cf11c44d9e027ecf0a4846842e067?s=96&d=mm&r=g","url":"https:\/\/secure.gravatar.com\/avatar\/f3c007bca7e0cf283dcd16b02bbaedbf3c5cf11c44d9e027ecf0a4846842e067?s=96&d=mm&r=g","contentUrl":"https:\/\/secure.gravatar.com\/avatar\/f3c007bca7e0cf283dcd16b02bbaedbf3c5cf11c44d9e027ecf0a4846842e067?s=96&d=mm&r=g","caption":"trek"},"url":"https:\/\/www.bilbaorkestra.eus\/eu\/author\/trek\/"}]}},"_links":{"self":[{"href":"https:\/\/www.bilbaorkestra.eus\/eu\/wp-json\/wp\/v2\/posts\/26095","targetHints":{"allow":["GET"]}}],"collection":[{"href":"https:\/\/www.bilbaorkestra.eus\/eu\/wp-json\/wp\/v2\/posts"}],"about":[{"href":"https:\/\/www.bilbaorkestra.eus\/eu\/wp-json\/wp\/v2\/types\/post"}],"author":[{"embeddable":true,"href":"https:\/\/www.bilbaorkestra.eus\/eu\/wp-json\/wp\/v2\/users\/1"}],"replies":[{"embeddable":true,"href":"https:\/\/www.bilbaorkestra.eus\/eu\/wp-json\/wp\/v2\/comments?post=26095"}],"version-history":[{"count":3,"href":"https:\/\/www.bilbaorkestra.eus\/eu\/wp-json\/wp\/v2\/posts\/26095\/revisions"}],"predecessor-version":[{"id":26100,"href":"https:\/\/www.bilbaorkestra.eus\/eu\/wp-json\/wp\/v2\/posts\/26095\/revisions\/26100"}],"wp:featuredmedia":[{"embeddable":true,"href":"https:\/\/www.bilbaorkestra.eus\/eu\/wp-json\/wp\/v2\/media\/25630"}],"wp:attachment":[{"href":"https:\/\/www.bilbaorkestra.eus\/eu\/wp-json\/wp\/v2\/media?parent=26095"}],"wp:term":[{"taxonomy":"category","embeddable":true,"href":"https:\/\/www.bilbaorkestra.eus\/eu\/wp-json\/wp\/v2\/categories?post=26095"},{"taxonomy":"post_tag","embeddable":true,"href":"https:\/\/www.bilbaorkestra.eus\/eu\/wp-json\/wp\/v2\/tags?post=26095"}],"curies":[{"name":"wp","href":"https:\/\/api.w.org\/{rel}","templated":true}]}}