{"id":23109,"date":"2022-05-24T09:38:36","date_gmt":"2022-05-24T07:38:36","guid":{"rendered":"https:\/\/bilbaorkestra.eus\/mural-del-centenario-de-la-bos\/"},"modified":"2022-05-24T09:41:21","modified_gmt":"2022-05-24T07:41:21","slug":"bosen-mendeurrenaren-horma-irudia","status":"publish","type":"post","link":"https:\/\/www.bilbaorkestra.eus\/eu\/bosen-mendeurrenaren-horma-irudia\/","title":{"rendered":"BOSen mendeurrenaren horma-irudia"},"content":{"rendered":"<p><strong><em>\u00abMendeurrenaren horma-irudia\u00bb orkestra sortu zeneko 100 urteak ospatzeko BOSek antolatu dituen ekintzetako bat da <\/em><\/strong><\/p>\n<p>Maiatzaren 23an, goizeko 10:00etan, 100 metro baino gehiago neurtzen duen horma-irudia aurkeztu da. BOSek mendeurrena dela-eta enkargatutako horma-irudi hori Jesusen Bihotza plazatik Olabeaga auzora sartzeko bidean egin da.<\/p>\n<p>Ekitaldian honako hauek izan dira:<\/p>\n<ul style=\"list-style: disc;\">\n<li>Lorea Bilbao, BOSen patronatuko presidentea eta Euskara, Kultura eta Kiroleko foru-diputatua<\/li>\n<li>Gonzalo Olabarria, BOSen patronatuko kidea eta Bilboko Udaleko Kultura zinegotzia<\/li>\n<li>Bego\u00f1a de Ibarra, BOSen patronatuko kidea eta BFAren Kultura zuzendari nagusia<\/li>\n<li>Pablo Astrain, arte urbanoan espezializatutako artista eta horma-irudiaren egilea<\/li>\n<li>Ibon Aranbarri, BOSen zuzendari nagusia<\/li>\n<\/ul>\n<p><img loading=\"lazy\" decoding=\"async\" class=\"aligncenter size-full wp-image-23100\" src=\"https:\/\/bilbaorkestra.eus\/wp-content\/uploads\/2022\/05\/mural2.jpg\" alt=\"\" width=\"800\" height=\"500\" srcset=\"https:\/\/www.bilbaorkestra.eus\/wp-content\/uploads\/2022\/05\/mural2.jpg 800w, https:\/\/www.bilbaorkestra.eus\/wp-content\/uploads\/2022\/05\/mural2-300x188.jpg 300w, https:\/\/www.bilbaorkestra.eus\/wp-content\/uploads\/2022\/05\/mural2-768x480.jpg 768w\" sizes=\"auto, (max-width: 709px) 85vw, (max-width: 909px) 67vw, (max-width: 984px) 61vw, (max-width: 1362px) 45vw, 600px\" \/><\/p>\n<p>\u00abMendeurrenaren horma-irudia\u00bb Bilbao Orkestra Sinfonikoaren 100 urteak ospatzeko egiten ari diren eta herritarrengan inpaktu handia izango duten ekintzetako bat da.<\/p>\n<p>Arte urbanoan espezialista den <strong>Pablo Astrainek*<\/strong> egin du obra piktorikoa, zeinak BOSen historia kontatzen baitu ehun metro baino gehiagoko luzera duen horma batean, Jesusen Bihotzeko biribilgunetik hasi eta Olabeaga auzorako sarbidera doana.<\/p>\n<p>Gure orkestraren historiaren 100 urteak irudikatu dira bertan, orkestraren hainbat protagonisten bitartez:<\/p>\n<ul style=\"list-style: disc;\">\n<li>Arriaga Antzokia. 1922ko martxoaren 8an Orkestrak bere lehen kontzertua eskaini zuen tokia.<\/li>\n<li>BOSen lehenengo formazioa, Armand Marsick zuzendari titularra buru zuela, 1923an Arriaga Antzokian bertan hartutako argazki batean (kontserbatzen den lehenengoa).<\/li>\n<li>Gainerako orkestrako zuzendari titularrak (Vladimir Golschmann, Jes\u00fas Ar\u00e1mbarri, Jos\u00e9 Limantour, Antoine de Babier, Rafael Fr\u00fchbeck de Burgos, Alberto Bolet, Pedro Pirfano, Urbano Ruiz Laorden, Theo Alc\u00e1ntara, Juanjo Mena, G\u00fcnter Neuhold eta Erik Nielsen), ehun urteko historiaren proiekzio gisa.<\/li>\n<li>Euskalduna Jauregia. BOSen egoitza 1999tik aurrera.<\/li>\n<li>Gaurko orkestraren irudi bat, egungo zuzendaria buru duela.<\/li>\n<li>Horma-irudi honetan, Maurice Ravelek, euskal konpositore unibertsalenak, oso toki berezia hartzen du, izan ere, hark konposatutako obrak gure Orkestraren nortasunaren parte dira; gainera, oso harro gaude 1928an orkestra zuzentzeko lanak egin zituelako bere obran zentratutako programa batean.<\/li>\n<\/ul>\n<p>Obra honen bidez, mota honetako lan guztiak bezala iragankorra dena (nahiz eta baldintza onetan mantentzen saiatuko garen ahalik eta luzaroen), BOSen ehun urteko historia herritarrengana hurbildu nahi dugu, horregatik jarri dugu leku jendetsu batean.<\/p>\n<p><iframe loading=\"lazy\" title=\"YouTube video player\" src=\"https:\/\/www.youtube.com\/embed\/Sv2WTL-A1K4\" width=\"680\" height=\"420\" frameborder=\"0\" allowfullscreen=\"allowfullscreen\"><\/iframe><\/p>\n<p>Horrez gain, helburu bereko beste jarduketa bat daukagu martxan: Bilboko Sinfonikoaren ehun urteak bilduko dituen komiki bat. Komiki hori, amaitzen denean, Bizkaiko ikastetxe eta liburutegietan banatuko da, eta PDF formatuan eskuragarri jarriko da BOSen webgunean.<\/p>\n<p>Mendeurrenaren inguruko bi ekintza horien bidez, bai eta une hauetan Bizkaia bisitatzen ari den erakusketa ibiltariaren bidez ere, gure lurraldeko herritar guztiak Bilboko eta Bizkaiko orkestraren historiara hurbiltzea da gure asmoa.<\/p>\n<hr \/>\n<p>*<strong>Pablo Astrain<\/strong>, Donostian jaioa eta txikitatik Algortan bizi dena, grafitiaren bidez hurbildu zen margolaritzara; hala, Arte Ederrak ikasi zituen UPV\/EHUn, eta Berlingo HTW unibertsitatean osatu zituen ikasketak. Gaur egun, lan piktoriko \u201ctradizionala\u201d eta mundu osotik egiten dituen horma-irudien artista-lana uztartzen ditu.<\/p>\n<p>Kaleko artearen influentziak nabarmenak dira bere obran, eta horrek eraman du \u201chiperrealismo narratiboa\u201d modura definitzen duen estiloa izatera.<\/p>\n","protected":false},"excerpt":{"rendered":"<p>\u00abMendeurrenaren horma-irudia\u00bb orkestra sortu zeneko 100 urteak ospatzeko BOSek antolatu dituen ekintzetako bat da Maiatzaren 23an, goizeko 10:00etan, 100 metro baino gehiago neurtzen duen horma-irudia aurkeztu da. BOSek mendeurrena dela-eta enkargatutako horma-irudi hori Jesusen Bihotza plazatik Olabeaga auzora sartzeko bidean egin da. Ekitaldian honako hauek izan dira: Lorea Bilbao, BOSen patronatuko presidentea eta Euskara, Kultura &hellip; <a href=\"https:\/\/www.bilbaorkestra.eus\/eu\/bosen-mendeurrenaren-horma-irudia\/\" class=\"more-link\">Jarraitu irakurtzen<span class=\"screen-reader-text\"> &#8220;BOSen mendeurrenaren horma-irudia&#8221;<\/span><\/a><\/p>\n","protected":false},"author":1,"featured_media":23098,"comment_status":"open","ping_status":"open","sticky":false,"template":"","format":"standard","meta":{"_acf_changed":false,"footnotes":""},"categories":[52],"tags":[],"class_list":["post-23109","post","type-post","status-publish","format-standard","has-post-thumbnail","hentry","category-albistea"],"acf":[],"yoast_head":"<!-- This site is optimized with the Yoast SEO plugin v27.4 - https:\/\/yoast.com\/product\/yoast-seo-wordpress\/ -->\n<title>BOSen mendeurrenaren horma-irudia - Bilbao Orkestra Sinfonikoa<\/title>\n<meta name=\"robots\" content=\"index, follow, max-snippet:-1, max-image-preview:large, max-video-preview:-1\" \/>\n<link rel=\"canonical\" href=\"https:\/\/www.bilbaorkestra.eus\/eu\/bosen-mendeurrenaren-horma-irudia\/\" \/>\n<meta property=\"og:locale\" content=\"en_US\" \/>\n<meta property=\"og:type\" content=\"article\" \/>\n<meta property=\"og:title\" content=\"BOSen mendeurrenaren horma-irudia - Bilbao Orkestra Sinfonikoa\" \/>\n<meta property=\"og:description\" content=\"\u00abMendeurrenaren horma-irudia\u00bb orkestra sortu zeneko 100 urteak ospatzeko BOSek antolatu dituen ekintzetako bat da Maiatzaren 23an, goizeko 10:00etan, 100 metro baino gehiago neurtzen duen horma-irudia aurkeztu da. BOSek mendeurrena dela-eta enkargatutako horma-irudi hori Jesusen Bihotza plazatik Olabeaga auzora sartzeko bidean egin da. Ekitaldian honako hauek izan dira: Lorea Bilbao, BOSen patronatuko presidentea eta Euskara, Kultura &hellip; Jarraitu irakurtzen &quot;BOSen mendeurrenaren horma-irudia&quot;\" \/>\n<meta property=\"og:url\" content=\"https:\/\/www.bilbaorkestra.eus\/eu\/bosen-mendeurrenaren-horma-irudia\/\" \/>\n<meta property=\"og:site_name\" content=\"Bilbao Orkestra Sinfonikoa\" \/>\n<meta property=\"article:publisher\" content=\"https:\/\/www.facebook.com\/SinfonicadeBilbao\" \/>\n<meta property=\"article:published_time\" content=\"2022-05-24T07:38:36+00:00\" \/>\n<meta property=\"article:modified_time\" content=\"2022-05-24T07:41:21+00:00\" \/>\n<meta property=\"og:image\" content=\"https:\/\/www.bilbaorkestra.eus\/wp-content\/uploads\/2022\/05\/mural1.jpg\" \/>\n\t<meta property=\"og:image:width\" content=\"800\" \/>\n\t<meta property=\"og:image:height\" content=\"500\" \/>\n\t<meta property=\"og:image:type\" content=\"image\/jpeg\" \/>\n<meta name=\"author\" content=\"trek\" \/>\n<meta name=\"twitter:card\" content=\"summary_large_image\" \/>\n<meta name=\"twitter:label1\" content=\"Written by\" \/>\n\t<meta name=\"twitter:data1\" content=\"trek\" \/>\n\t<meta name=\"twitter:label2\" content=\"Est. reading time\" \/>\n\t<meta name=\"twitter:data2\" content=\"2 minutua\" \/>\n<script type=\"application\/ld+json\" class=\"yoast-schema-graph\">{\"@context\":\"https:\\\/\\\/schema.org\",\"@graph\":[{\"@type\":\"Article\",\"@id\":\"https:\\\/\\\/www.bilbaorkestra.eus\\\/eu\\\/bosen-mendeurrenaren-horma-irudia\\\/#article\",\"isPartOf\":{\"@id\":\"https:\\\/\\\/www.bilbaorkestra.eus\\\/eu\\\/bosen-mendeurrenaren-horma-irudia\\\/\"},\"author\":{\"name\":\"trek\",\"@id\":\"https:\\\/\\\/www.bilbaorkestra.eus\\\/#\\\/schema\\\/person\\\/13378462cfa1c45ee3b8f8772e2bed1d\"},\"headline\":\"BOSen mendeurrenaren horma-irudia\",\"datePublished\":\"2022-05-24T07:38:36+00:00\",\"dateModified\":\"2022-05-24T07:41:21+00:00\",\"mainEntityOfPage\":{\"@id\":\"https:\\\/\\\/www.bilbaorkestra.eus\\\/eu\\\/bosen-mendeurrenaren-horma-irudia\\\/\"},\"wordCount\":442,\"commentCount\":0,\"publisher\":{\"@id\":\"https:\\\/\\\/www.bilbaorkestra.eus\\\/#organization\"},\"image\":{\"@id\":\"https:\\\/\\\/www.bilbaorkestra.eus\\\/eu\\\/bosen-mendeurrenaren-horma-irudia\\\/#primaryimage\"},\"thumbnailUrl\":\"https:\\\/\\\/www.bilbaorkestra.eus\\\/wp-content\\\/uploads\\\/2022\\\/05\\\/mural1.jpg\",\"articleSection\":[\"albistea\"],\"inLanguage\":\"eu\",\"potentialAction\":[{\"@type\":\"CommentAction\",\"name\":\"Comment\",\"target\":[\"https:\\\/\\\/www.bilbaorkestra.eus\\\/eu\\\/bosen-mendeurrenaren-horma-irudia\\\/#respond\"]}]},{\"@type\":\"WebPage\",\"@id\":\"https:\\\/\\\/www.bilbaorkestra.eus\\\/eu\\\/bosen-mendeurrenaren-horma-irudia\\\/\",\"url\":\"https:\\\/\\\/www.bilbaorkestra.eus\\\/eu\\\/bosen-mendeurrenaren-horma-irudia\\\/\",\"name\":\"BOSen mendeurrenaren horma-irudia - Bilbao Orkestra Sinfonikoa\",\"isPartOf\":{\"@id\":\"https:\\\/\\\/www.bilbaorkestra.eus\\\/#website\"},\"primaryImageOfPage\":{\"@id\":\"https:\\\/\\\/www.bilbaorkestra.eus\\\/eu\\\/bosen-mendeurrenaren-horma-irudia\\\/#primaryimage\"},\"image\":{\"@id\":\"https:\\\/\\\/www.bilbaorkestra.eus\\\/eu\\\/bosen-mendeurrenaren-horma-irudia\\\/#primaryimage\"},\"thumbnailUrl\":\"https:\\\/\\\/www.bilbaorkestra.eus\\\/wp-content\\\/uploads\\\/2022\\\/05\\\/mural1.jpg\",\"datePublished\":\"2022-05-24T07:38:36+00:00\",\"dateModified\":\"2022-05-24T07:41:21+00:00\",\"breadcrumb\":{\"@id\":\"https:\\\/\\\/www.bilbaorkestra.eus\\\/eu\\\/bosen-mendeurrenaren-horma-irudia\\\/#breadcrumb\"},\"inLanguage\":\"eu\",\"potentialAction\":[{\"@type\":\"ReadAction\",\"target\":[\"https:\\\/\\\/www.bilbaorkestra.eus\\\/eu\\\/bosen-mendeurrenaren-horma-irudia\\\/\"]}]},{\"@type\":\"ImageObject\",\"inLanguage\":\"eu\",\"@id\":\"https:\\\/\\\/www.bilbaorkestra.eus\\\/eu\\\/bosen-mendeurrenaren-horma-irudia\\\/#primaryimage\",\"url\":\"https:\\\/\\\/www.bilbaorkestra.eus\\\/wp-content\\\/uploads\\\/2022\\\/05\\\/mural1.jpg\",\"contentUrl\":\"https:\\\/\\\/www.bilbaorkestra.eus\\\/wp-content\\\/uploads\\\/2022\\\/05\\\/mural1.jpg\",\"width\":800,\"height\":500},{\"@type\":\"BreadcrumbList\",\"@id\":\"https:\\\/\\\/www.bilbaorkestra.eus\\\/eu\\\/bosen-mendeurrenaren-horma-irudia\\\/#breadcrumb\",\"itemListElement\":[{\"@type\":\"ListItem\",\"position\":1,\"name\":\"Portada\",\"item\":\"https:\\\/\\\/www.bilbaorkestra.eus\\\/\"},{\"@type\":\"ListItem\",\"position\":2,\"name\":\"BOSen mendeurrenaren horma-irudia\"}]},{\"@type\":\"WebSite\",\"@id\":\"https:\\\/\\\/www.bilbaorkestra.eus\\\/#website\",\"url\":\"https:\\\/\\\/www.bilbaorkestra.eus\\\/\",\"name\":\"Bilbao Orkestra Sinfonikoa\",\"description\":\"P\u00e1gina web de la Orquesta Sinf\u00f3nica de Bilbao\",\"publisher\":{\"@id\":\"https:\\\/\\\/www.bilbaorkestra.eus\\\/#organization\"},\"potentialAction\":[{\"@type\":\"SearchAction\",\"target\":{\"@type\":\"EntryPoint\",\"urlTemplate\":\"https:\\\/\\\/www.bilbaorkestra.eus\\\/?s={search_term_string}\"},\"query-input\":{\"@type\":\"PropertyValueSpecification\",\"valueRequired\":true,\"valueName\":\"search_term_string\"}}],\"inLanguage\":\"eu\"},{\"@type\":\"Organization\",\"@id\":\"https:\\\/\\\/www.bilbaorkestra.eus\\\/#organization\",\"name\":\"Bilbao Orkestra Sinfonikoa\",\"url\":\"https:\\\/\\\/www.bilbaorkestra.eus\\\/\",\"logo\":{\"@type\":\"ImageObject\",\"inLanguage\":\"eu\",\"@id\":\"https:\\\/\\\/www.bilbaorkestra.eus\\\/#\\\/schema\\\/logo\\\/image\\\/\",\"url\":\"https:\\\/\\\/www.bilbaorkestra.eus\\\/wp-content\\\/uploads\\\/2016\\\/04\\\/logo-BOS-CMYK.jpg\",\"contentUrl\":\"https:\\\/\\\/www.bilbaorkestra.eus\\\/wp-content\\\/uploads\\\/2016\\\/04\\\/logo-BOS-CMYK.jpg\",\"width\":1772,\"height\":2113,\"caption\":\"Bilbao Orkestra Sinfonikoa\"},\"image\":{\"@id\":\"https:\\\/\\\/www.bilbaorkestra.eus\\\/#\\\/schema\\\/logo\\\/image\\\/\"},\"sameAs\":[\"https:\\\/\\\/www.facebook.com\\\/SinfonicadeBilbao\"]},{\"@type\":\"Person\",\"@id\":\"https:\\\/\\\/www.bilbaorkestra.eus\\\/#\\\/schema\\\/person\\\/13378462cfa1c45ee3b8f8772e2bed1d\",\"name\":\"trek\",\"image\":{\"@type\":\"ImageObject\",\"inLanguage\":\"eu\",\"@id\":\"https:\\\/\\\/secure.gravatar.com\\\/avatar\\\/f3c007bca7e0cf283dcd16b02bbaedbf3c5cf11c44d9e027ecf0a4846842e067?s=96&d=mm&r=g\",\"url\":\"https:\\\/\\\/secure.gravatar.com\\\/avatar\\\/f3c007bca7e0cf283dcd16b02bbaedbf3c5cf11c44d9e027ecf0a4846842e067?s=96&d=mm&r=g\",\"contentUrl\":\"https:\\\/\\\/secure.gravatar.com\\\/avatar\\\/f3c007bca7e0cf283dcd16b02bbaedbf3c5cf11c44d9e027ecf0a4846842e067?s=96&d=mm&r=g\",\"caption\":\"trek\"},\"url\":\"https:\\\/\\\/www.bilbaorkestra.eus\\\/eu\\\/author\\\/trek\\\/\"}]}<\/script>\n<!-- \/ Yoast SEO plugin. -->","yoast_head_json":{"title":"BOSen mendeurrenaren horma-irudia - Bilbao Orkestra Sinfonikoa","robots":{"index":"index","follow":"follow","max-snippet":"max-snippet:-1","max-image-preview":"max-image-preview:large","max-video-preview":"max-video-preview:-1"},"canonical":"https:\/\/www.bilbaorkestra.eus\/eu\/bosen-mendeurrenaren-horma-irudia\/","og_locale":"en_US","og_type":"article","og_title":"BOSen mendeurrenaren horma-irudia - Bilbao Orkestra Sinfonikoa","og_description":"\u00abMendeurrenaren horma-irudia\u00bb orkestra sortu zeneko 100 urteak ospatzeko BOSek antolatu dituen ekintzetako bat da Maiatzaren 23an, goizeko 10:00etan, 100 metro baino gehiago neurtzen duen horma-irudia aurkeztu da. BOSek mendeurrena dela-eta enkargatutako horma-irudi hori Jesusen Bihotza plazatik Olabeaga auzora sartzeko bidean egin da. Ekitaldian honako hauek izan dira: Lorea Bilbao, BOSen patronatuko presidentea eta Euskara, Kultura &hellip; Jarraitu irakurtzen \"BOSen mendeurrenaren horma-irudia\"","og_url":"https:\/\/www.bilbaorkestra.eus\/eu\/bosen-mendeurrenaren-horma-irudia\/","og_site_name":"Bilbao Orkestra Sinfonikoa","article_publisher":"https:\/\/www.facebook.com\/SinfonicadeBilbao","article_published_time":"2022-05-24T07:38:36+00:00","article_modified_time":"2022-05-24T07:41:21+00:00","og_image":[{"width":800,"height":500,"url":"https:\/\/www.bilbaorkestra.eus\/wp-content\/uploads\/2022\/05\/mural1.jpg","type":"image\/jpeg"}],"author":"trek","twitter_card":"summary_large_image","twitter_misc":{"Written by":"trek","Est. reading time":"2 minutua"},"schema":{"@context":"https:\/\/schema.org","@graph":[{"@type":"Article","@id":"https:\/\/www.bilbaorkestra.eus\/eu\/bosen-mendeurrenaren-horma-irudia\/#article","isPartOf":{"@id":"https:\/\/www.bilbaorkestra.eus\/eu\/bosen-mendeurrenaren-horma-irudia\/"},"author":{"name":"trek","@id":"https:\/\/www.bilbaorkestra.eus\/#\/schema\/person\/13378462cfa1c45ee3b8f8772e2bed1d"},"headline":"BOSen mendeurrenaren horma-irudia","datePublished":"2022-05-24T07:38:36+00:00","dateModified":"2022-05-24T07:41:21+00:00","mainEntityOfPage":{"@id":"https:\/\/www.bilbaorkestra.eus\/eu\/bosen-mendeurrenaren-horma-irudia\/"},"wordCount":442,"commentCount":0,"publisher":{"@id":"https:\/\/www.bilbaorkestra.eus\/#organization"},"image":{"@id":"https:\/\/www.bilbaorkestra.eus\/eu\/bosen-mendeurrenaren-horma-irudia\/#primaryimage"},"thumbnailUrl":"https:\/\/www.bilbaorkestra.eus\/wp-content\/uploads\/2022\/05\/mural1.jpg","articleSection":["albistea"],"inLanguage":"eu","potentialAction":[{"@type":"CommentAction","name":"Comment","target":["https:\/\/www.bilbaorkestra.eus\/eu\/bosen-mendeurrenaren-horma-irudia\/#respond"]}]},{"@type":"WebPage","@id":"https:\/\/www.bilbaorkestra.eus\/eu\/bosen-mendeurrenaren-horma-irudia\/","url":"https:\/\/www.bilbaorkestra.eus\/eu\/bosen-mendeurrenaren-horma-irudia\/","name":"BOSen mendeurrenaren horma-irudia - Bilbao Orkestra Sinfonikoa","isPartOf":{"@id":"https:\/\/www.bilbaorkestra.eus\/#website"},"primaryImageOfPage":{"@id":"https:\/\/www.bilbaorkestra.eus\/eu\/bosen-mendeurrenaren-horma-irudia\/#primaryimage"},"image":{"@id":"https:\/\/www.bilbaorkestra.eus\/eu\/bosen-mendeurrenaren-horma-irudia\/#primaryimage"},"thumbnailUrl":"https:\/\/www.bilbaorkestra.eus\/wp-content\/uploads\/2022\/05\/mural1.jpg","datePublished":"2022-05-24T07:38:36+00:00","dateModified":"2022-05-24T07:41:21+00:00","breadcrumb":{"@id":"https:\/\/www.bilbaorkestra.eus\/eu\/bosen-mendeurrenaren-horma-irudia\/#breadcrumb"},"inLanguage":"eu","potentialAction":[{"@type":"ReadAction","target":["https:\/\/www.bilbaorkestra.eus\/eu\/bosen-mendeurrenaren-horma-irudia\/"]}]},{"@type":"ImageObject","inLanguage":"eu","@id":"https:\/\/www.bilbaorkestra.eus\/eu\/bosen-mendeurrenaren-horma-irudia\/#primaryimage","url":"https:\/\/www.bilbaorkestra.eus\/wp-content\/uploads\/2022\/05\/mural1.jpg","contentUrl":"https:\/\/www.bilbaorkestra.eus\/wp-content\/uploads\/2022\/05\/mural1.jpg","width":800,"height":500},{"@type":"BreadcrumbList","@id":"https:\/\/www.bilbaorkestra.eus\/eu\/bosen-mendeurrenaren-horma-irudia\/#breadcrumb","itemListElement":[{"@type":"ListItem","position":1,"name":"Portada","item":"https:\/\/www.bilbaorkestra.eus\/"},{"@type":"ListItem","position":2,"name":"BOSen mendeurrenaren horma-irudia"}]},{"@type":"WebSite","@id":"https:\/\/www.bilbaorkestra.eus\/#website","url":"https:\/\/www.bilbaorkestra.eus\/","name":"Bilbao Orkestra Sinfonikoa","description":"P\u00e1gina web de la Orquesta Sinf\u00f3nica de Bilbao","publisher":{"@id":"https:\/\/www.bilbaorkestra.eus\/#organization"},"potentialAction":[{"@type":"SearchAction","target":{"@type":"EntryPoint","urlTemplate":"https:\/\/www.bilbaorkestra.eus\/?s={search_term_string}"},"query-input":{"@type":"PropertyValueSpecification","valueRequired":true,"valueName":"search_term_string"}}],"inLanguage":"eu"},{"@type":"Organization","@id":"https:\/\/www.bilbaorkestra.eus\/#organization","name":"Bilbao Orkestra Sinfonikoa","url":"https:\/\/www.bilbaorkestra.eus\/","logo":{"@type":"ImageObject","inLanguage":"eu","@id":"https:\/\/www.bilbaorkestra.eus\/#\/schema\/logo\/image\/","url":"https:\/\/www.bilbaorkestra.eus\/wp-content\/uploads\/2016\/04\/logo-BOS-CMYK.jpg","contentUrl":"https:\/\/www.bilbaorkestra.eus\/wp-content\/uploads\/2016\/04\/logo-BOS-CMYK.jpg","width":1772,"height":2113,"caption":"Bilbao Orkestra Sinfonikoa"},"image":{"@id":"https:\/\/www.bilbaorkestra.eus\/#\/schema\/logo\/image\/"},"sameAs":["https:\/\/www.facebook.com\/SinfonicadeBilbao"]},{"@type":"Person","@id":"https:\/\/www.bilbaorkestra.eus\/#\/schema\/person\/13378462cfa1c45ee3b8f8772e2bed1d","name":"trek","image":{"@type":"ImageObject","inLanguage":"eu","@id":"https:\/\/secure.gravatar.com\/avatar\/f3c007bca7e0cf283dcd16b02bbaedbf3c5cf11c44d9e027ecf0a4846842e067?s=96&d=mm&r=g","url":"https:\/\/secure.gravatar.com\/avatar\/f3c007bca7e0cf283dcd16b02bbaedbf3c5cf11c44d9e027ecf0a4846842e067?s=96&d=mm&r=g","contentUrl":"https:\/\/secure.gravatar.com\/avatar\/f3c007bca7e0cf283dcd16b02bbaedbf3c5cf11c44d9e027ecf0a4846842e067?s=96&d=mm&r=g","caption":"trek"},"url":"https:\/\/www.bilbaorkestra.eus\/eu\/author\/trek\/"}]}},"_links":{"self":[{"href":"https:\/\/www.bilbaorkestra.eus\/eu\/wp-json\/wp\/v2\/posts\/23109","targetHints":{"allow":["GET"]}}],"collection":[{"href":"https:\/\/www.bilbaorkestra.eus\/eu\/wp-json\/wp\/v2\/posts"}],"about":[{"href":"https:\/\/www.bilbaorkestra.eus\/eu\/wp-json\/wp\/v2\/types\/post"}],"author":[{"embeddable":true,"href":"https:\/\/www.bilbaorkestra.eus\/eu\/wp-json\/wp\/v2\/users\/1"}],"replies":[{"embeddable":true,"href":"https:\/\/www.bilbaorkestra.eus\/eu\/wp-json\/wp\/v2\/comments?post=23109"}],"version-history":[{"count":2,"href":"https:\/\/www.bilbaorkestra.eus\/eu\/wp-json\/wp\/v2\/posts\/23109\/revisions"}],"predecessor-version":[{"id":23110,"href":"https:\/\/www.bilbaorkestra.eus\/eu\/wp-json\/wp\/v2\/posts\/23109\/revisions\/23110"}],"wp:featuredmedia":[{"embeddable":true,"href":"https:\/\/www.bilbaorkestra.eus\/eu\/wp-json\/wp\/v2\/media\/23098"}],"wp:attachment":[{"href":"https:\/\/www.bilbaorkestra.eus\/eu\/wp-json\/wp\/v2\/media?parent=23109"}],"wp:term":[{"taxonomy":"category","embeddable":true,"href":"https:\/\/www.bilbaorkestra.eus\/eu\/wp-json\/wp\/v2\/categories?post=23109"},{"taxonomy":"post_tag","embeddable":true,"href":"https:\/\/www.bilbaorkestra.eus\/eu\/wp-json\/wp\/v2\/tags?post=23109"}],"curies":[{"name":"wp","href":"https:\/\/api.w.org\/{rel}","templated":true}]}}