{"id":13637,"date":"2019-08-06T13:29:57","date_gmt":"2019-08-06T11:29:57","guid":{"rendered":"https:\/\/bilbaorkestra.eus\/eu\/?p=13637"},"modified":"2019-08-06T13:31:38","modified_gmt":"2019-08-06T11:31:38","slug":"bosen-kontzertuak-bizkaian-izeneko-bira","status":"publish","type":"post","link":"https:\/\/www.bilbaorkestra.eus\/eu\/bosen-kontzertuak-bizkaian-izeneko-bira\/","title":{"rendered":"BOSEN \u00abKONTZERTUAK BIZKAIAN\u00bb IZENEKO BIRA"},"content":{"rendered":"<p><em>Aste honetan, BOSek hasiera emango dio Bizkaian zehar egiten duen udako bira tradizionalari. Aurtengo abuztuan, Bermeo, Lekeitio eta Karrantzan (Pozalaguako auditoriuma) arituko dira<\/em><\/p>\n<p><em>\u00a0<\/em><\/p>\n<p><strong>Bilbon, 2019ko abuztuaren 5ean<\/strong><\/p>\n<p>Aste honetan, Bizkaian egiten dugun udako bira tradizionalak Bermeora (abuztuak 8), Lekeitiora (abuztuak 9) eta Karrantzako Pozalaguako auditoriumera (abuztuak 10) eramango gaitu. Bertan, lehen aldiz jardungo dugu, egitarau berezi batekin; horren baitan, Linareseko Luc\u00eda Mar\u00ednen zuzendaritzapean arituko da gure orkestra. Mar\u00edn gorabidean dagoen zuzendari arrakastatsua da, eta Musikenen jaso du prestakuntza. Bilboko txirula-jotzaile Natalia S\u00e1nchezek ere parte hartuko du, bakarlari gisa; Bizkaiko Foru Aldundiak beka bat eman zion.<\/p>\n<p>Irailean, birak Getxo eta Santurtzira eramango gaitu, beste egitarau batekin.<\/p>\n<p>&nbsp;<\/p>\n<p>&nbsp;<\/p>\n<p><strong>KONTZERTUAK BIZKAIAN, PROGRAMA: ABUZTUAK 8, 9 ETA 10<\/strong><\/p>\n<p><strong>Stamitz, Carl<\/strong>. <em>Txirula eta orkestrarako kontzertua, Sol maiorrean, op. 29<\/em><\/p>\n<p><strong>Dvorak, Antonin<\/strong>. <em>8. sinfonia Sol maiorrean, op. 88 [antzinako 4.a.]<\/em><\/p>\n<p>&nbsp;<\/p>\n<p><strong>Zuzendaria<\/strong>: Luc\u00eda Mar\u00edn<\/p>\n<p><strong>Bakarlaria<\/strong>: Natalia S\u00e1nchez, txirula<\/p>\n<p>&nbsp;<\/p>\n<p><strong>KONTZERTUAK BIZKAIAN, DATAK: ABUZTUAK 8, 9 ETA 10<\/strong><\/p>\n<p><strong>Bermeo<\/strong>. Abuztuak 8. Andra Mari eliza. 20:00etan.<\/p>\n<p><strong>Lekeitio<\/strong>. Abuztuak 9. Andra Mari basilika.\u00a0 22:00etan.<\/p>\n<p><strong>Karrantza<\/strong>. Abuztuak 10. Pozalaguako auditoriuma. 20:30ean.<\/p>\n<p>&nbsp;<\/p>\n<p><em>\u00a0<\/em><\/p>\n<p><strong>\u00a0<\/strong><\/p>\n","protected":false},"excerpt":{"rendered":"<p>Aste honetan, BOSek hasiera emango dio Bizkaian zehar egiten duen udako bira tradizionalari. Aurtengo abuztuan, Bermeo, Lekeitio eta Karrantzan (Pozalaguako auditoriuma) arituko dira \u00a0 Bilbon, 2019ko abuztuaren 5ean Aste honetan, Bizkaian egiten dugun udako bira tradizionalak Bermeora (abuztuak 8), Lekeitiora (abuztuak 9) eta Karrantzako Pozalaguako auditoriumera (abuztuak 10) eramango gaitu. Bertan, lehen aldiz jardungo dugu, &hellip; <a href=\"https:\/\/www.bilbaorkestra.eus\/eu\/bosen-kontzertuak-bizkaian-izeneko-bira\/\" class=\"more-link\">Jarraitu irakurtzen<span class=\"screen-reader-text\"> &#8220;BOSEN \u00abKONTZERTUAK BIZKAIAN\u00bb IZENEKO BIRA&#8221;<\/span><\/a><\/p>\n","protected":false},"author":1,"featured_media":13635,"comment_status":"open","ping_status":"open","sticky":false,"template":"","format":"standard","meta":{"_acf_changed":false,"footnotes":""},"categories":[52,58],"tags":[],"class_list":["post-13637","post","type-post","status-publish","format-standard","has-post-thumbnail","hentry","category-albistea","category-blog-eu"],"acf":[],"yoast_head":"<!-- This site is optimized with the Yoast SEO plugin v27.4 - https:\/\/yoast.com\/product\/yoast-seo-wordpress\/ -->\n<title>BOSEN \u00abKONTZERTUAK BIZKAIAN\u00bb IZENEKO BIRA - Bilbao Orkestra Sinfonikoa<\/title>\n<meta name=\"robots\" content=\"index, follow, max-snippet:-1, max-image-preview:large, max-video-preview:-1\" \/>\n<link rel=\"canonical\" href=\"https:\/\/www.bilbaorkestra.eus\/gira-conciertos-por-bizkaia-de-la-bos\/\" \/>\n<meta property=\"og:locale\" content=\"en_US\" \/>\n<meta property=\"og:type\" content=\"article\" \/>\n<meta property=\"og:title\" content=\"BOSEN \u00abKONTZERTUAK BIZKAIAN\u00bb IZENEKO BIRA - Bilbao Orkestra Sinfonikoa\" \/>\n<meta property=\"og:description\" content=\"Aste honetan, BOSek hasiera emango dio Bizkaian zehar egiten duen udako bira tradizionalari. Aurtengo abuztuan, Bermeo, Lekeitio eta Karrantzan (Pozalaguako auditoriuma) arituko dira \u00a0 Bilbon, 2019ko abuztuaren 5ean Aste honetan, Bizkaian egiten dugun udako bira tradizionalak Bermeora (abuztuak 8), Lekeitiora (abuztuak 9) eta Karrantzako Pozalaguako auditoriumera (abuztuak 10) eramango gaitu. Bertan, lehen aldiz jardungo dugu, &hellip; Jarraitu irakurtzen &quot;BOSEN \u00abKONTZERTUAK BIZKAIAN\u00bb IZENEKO BIRA&quot;\" \/>\n<meta property=\"og:url\" content=\"https:\/\/www.bilbaorkestra.eus\/gira-conciertos-por-bizkaia-de-la-bos\/\" \/>\n<meta property=\"og:site_name\" content=\"Bilbao Orkestra Sinfonikoa\" \/>\n<meta property=\"article:publisher\" content=\"https:\/\/www.facebook.com\/SinfonicadeBilbao\" \/>\n<meta property=\"article:published_time\" content=\"2019-08-06T11:29:57+00:00\" \/>\n<meta property=\"article:modified_time\" content=\"2019-08-06T11:31:38+00:00\" \/>\n<meta property=\"og:image\" content=\"https:\/\/www.bilbaorkestra.eus\/wp-content\/uploads\/2019\/08\/conciertos-por-bizkaia-bos.jpg\" \/>\n\t<meta property=\"og:image:width\" content=\"1920\" \/>\n\t<meta property=\"og:image:height\" content=\"1440\" \/>\n\t<meta property=\"og:image:type\" content=\"image\/jpeg\" \/>\n<meta name=\"author\" content=\"trek\" \/>\n<meta name=\"twitter:card\" content=\"summary_large_image\" \/>\n<meta name=\"twitter:label1\" content=\"Written by\" \/>\n\t<meta name=\"twitter:data1\" content=\"trek\" \/>\n\t<meta name=\"twitter:label2\" content=\"Est. reading time\" \/>\n\t<meta name=\"twitter:data2\" content=\"1 minutua\" \/>\n<script type=\"application\/ld+json\" class=\"yoast-schema-graph\">{\"@context\":\"https:\\\/\\\/schema.org\",\"@graph\":[{\"@type\":\"Article\",\"@id\":\"https:\\\/\\\/www.bilbaorkestra.eus\\\/gira-conciertos-por-bizkaia-de-la-bos\\\/#article\",\"isPartOf\":{\"@id\":\"https:\\\/\\\/www.bilbaorkestra.eus\\\/gira-conciertos-por-bizkaia-de-la-bos\\\/\"},\"author\":{\"name\":\"trek\",\"@id\":\"https:\\\/\\\/www.bilbaorkestra.eus\\\/#\\\/schema\\\/person\\\/13378462cfa1c45ee3b8f8772e2bed1d\"},\"headline\":\"BOSEN \u00abKONTZERTUAK BIZKAIAN\u00bb IZENEKO BIRA\",\"datePublished\":\"2019-08-06T11:29:57+00:00\",\"dateModified\":\"2019-08-06T11:31:38+00:00\",\"mainEntityOfPage\":{\"@id\":\"https:\\\/\\\/www.bilbaorkestra.eus\\\/gira-conciertos-por-bizkaia-de-la-bos\\\/\"},\"wordCount\":170,\"commentCount\":0,\"publisher\":{\"@id\":\"https:\\\/\\\/www.bilbaorkestra.eus\\\/#organization\"},\"image\":{\"@id\":\"https:\\\/\\\/www.bilbaorkestra.eus\\\/gira-conciertos-por-bizkaia-de-la-bos\\\/#primaryimage\"},\"thumbnailUrl\":\"https:\\\/\\\/www.bilbaorkestra.eus\\\/wp-content\\\/uploads\\\/2019\\\/08\\\/conciertos-por-bizkaia-bos.jpg\",\"articleSection\":[\"albistea\",\"blog\"],\"inLanguage\":\"eu\",\"potentialAction\":[{\"@type\":\"CommentAction\",\"name\":\"Comment\",\"target\":[\"https:\\\/\\\/www.bilbaorkestra.eus\\\/gira-conciertos-por-bizkaia-de-la-bos\\\/#respond\"]}]},{\"@type\":\"WebPage\",\"@id\":\"https:\\\/\\\/www.bilbaorkestra.eus\\\/gira-conciertos-por-bizkaia-de-la-bos\\\/\",\"url\":\"https:\\\/\\\/www.bilbaorkestra.eus\\\/gira-conciertos-por-bizkaia-de-la-bos\\\/\",\"name\":\"BOSEN \u00abKONTZERTUAK BIZKAIAN\u00bb IZENEKO BIRA - Bilbao Orkestra Sinfonikoa\",\"isPartOf\":{\"@id\":\"https:\\\/\\\/www.bilbaorkestra.eus\\\/#website\"},\"primaryImageOfPage\":{\"@id\":\"https:\\\/\\\/www.bilbaorkestra.eus\\\/gira-conciertos-por-bizkaia-de-la-bos\\\/#primaryimage\"},\"image\":{\"@id\":\"https:\\\/\\\/www.bilbaorkestra.eus\\\/gira-conciertos-por-bizkaia-de-la-bos\\\/#primaryimage\"},\"thumbnailUrl\":\"https:\\\/\\\/www.bilbaorkestra.eus\\\/wp-content\\\/uploads\\\/2019\\\/08\\\/conciertos-por-bizkaia-bos.jpg\",\"datePublished\":\"2019-08-06T11:29:57+00:00\",\"dateModified\":\"2019-08-06T11:31:38+00:00\",\"breadcrumb\":{\"@id\":\"https:\\\/\\\/www.bilbaorkestra.eus\\\/gira-conciertos-por-bizkaia-de-la-bos\\\/#breadcrumb\"},\"inLanguage\":\"eu\",\"potentialAction\":[{\"@type\":\"ReadAction\",\"target\":[\"https:\\\/\\\/www.bilbaorkestra.eus\\\/gira-conciertos-por-bizkaia-de-la-bos\\\/\"]}]},{\"@type\":\"ImageObject\",\"inLanguage\":\"eu\",\"@id\":\"https:\\\/\\\/www.bilbaorkestra.eus\\\/gira-conciertos-por-bizkaia-de-la-bos\\\/#primaryimage\",\"url\":\"https:\\\/\\\/www.bilbaorkestra.eus\\\/wp-content\\\/uploads\\\/2019\\\/08\\\/conciertos-por-bizkaia-bos.jpg\",\"contentUrl\":\"https:\\\/\\\/www.bilbaorkestra.eus\\\/wp-content\\\/uploads\\\/2019\\\/08\\\/conciertos-por-bizkaia-bos.jpg\",\"width\":1920,\"height\":1440},{\"@type\":\"BreadcrumbList\",\"@id\":\"https:\\\/\\\/www.bilbaorkestra.eus\\\/gira-conciertos-por-bizkaia-de-la-bos\\\/#breadcrumb\",\"itemListElement\":[{\"@type\":\"ListItem\",\"position\":1,\"name\":\"Portada\",\"item\":\"https:\\\/\\\/www.bilbaorkestra.eus\\\/\"},{\"@type\":\"ListItem\",\"position\":2,\"name\":\"BOSEN \u00abKONTZERTUAK BIZKAIAN\u00bb IZENEKO BIRA\"}]},{\"@type\":\"WebSite\",\"@id\":\"https:\\\/\\\/www.bilbaorkestra.eus\\\/#website\",\"url\":\"https:\\\/\\\/www.bilbaorkestra.eus\\\/\",\"name\":\"Bilbao Orkestra Sinfonikoa\",\"description\":\"P\u00e1gina web de la Orquesta Sinf\u00f3nica de Bilbao\",\"publisher\":{\"@id\":\"https:\\\/\\\/www.bilbaorkestra.eus\\\/#organization\"},\"potentialAction\":[{\"@type\":\"SearchAction\",\"target\":{\"@type\":\"EntryPoint\",\"urlTemplate\":\"https:\\\/\\\/www.bilbaorkestra.eus\\\/?s={search_term_string}\"},\"query-input\":{\"@type\":\"PropertyValueSpecification\",\"valueRequired\":true,\"valueName\":\"search_term_string\"}}],\"inLanguage\":\"eu\"},{\"@type\":\"Organization\",\"@id\":\"https:\\\/\\\/www.bilbaorkestra.eus\\\/#organization\",\"name\":\"Bilbao Orkestra Sinfonikoa\",\"url\":\"https:\\\/\\\/www.bilbaorkestra.eus\\\/\",\"logo\":{\"@type\":\"ImageObject\",\"inLanguage\":\"eu\",\"@id\":\"https:\\\/\\\/www.bilbaorkestra.eus\\\/#\\\/schema\\\/logo\\\/image\\\/\",\"url\":\"https:\\\/\\\/www.bilbaorkestra.eus\\\/wp-content\\\/uploads\\\/2016\\\/04\\\/logo-BOS-CMYK.jpg\",\"contentUrl\":\"https:\\\/\\\/www.bilbaorkestra.eus\\\/wp-content\\\/uploads\\\/2016\\\/04\\\/logo-BOS-CMYK.jpg\",\"width\":1772,\"height\":2113,\"caption\":\"Bilbao Orkestra Sinfonikoa\"},\"image\":{\"@id\":\"https:\\\/\\\/www.bilbaorkestra.eus\\\/#\\\/schema\\\/logo\\\/image\\\/\"},\"sameAs\":[\"https:\\\/\\\/www.facebook.com\\\/SinfonicadeBilbao\"]},{\"@type\":\"Person\",\"@id\":\"https:\\\/\\\/www.bilbaorkestra.eus\\\/#\\\/schema\\\/person\\\/13378462cfa1c45ee3b8f8772e2bed1d\",\"name\":\"trek\",\"image\":{\"@type\":\"ImageObject\",\"inLanguage\":\"eu\",\"@id\":\"https:\\\/\\\/secure.gravatar.com\\\/avatar\\\/f3c007bca7e0cf283dcd16b02bbaedbf3c5cf11c44d9e027ecf0a4846842e067?s=96&d=mm&r=g\",\"url\":\"https:\\\/\\\/secure.gravatar.com\\\/avatar\\\/f3c007bca7e0cf283dcd16b02bbaedbf3c5cf11c44d9e027ecf0a4846842e067?s=96&d=mm&r=g\",\"contentUrl\":\"https:\\\/\\\/secure.gravatar.com\\\/avatar\\\/f3c007bca7e0cf283dcd16b02bbaedbf3c5cf11c44d9e027ecf0a4846842e067?s=96&d=mm&r=g\",\"caption\":\"trek\"},\"url\":\"https:\\\/\\\/www.bilbaorkestra.eus\\\/eu\\\/author\\\/trek\\\/\"}]}<\/script>\n<!-- \/ Yoast SEO plugin. -->","yoast_head_json":{"title":"BOSEN \u00abKONTZERTUAK BIZKAIAN\u00bb IZENEKO BIRA - Bilbao Orkestra Sinfonikoa","robots":{"index":"index","follow":"follow","max-snippet":"max-snippet:-1","max-image-preview":"max-image-preview:large","max-video-preview":"max-video-preview:-1"},"canonical":"https:\/\/www.bilbaorkestra.eus\/gira-conciertos-por-bizkaia-de-la-bos\/","og_locale":"en_US","og_type":"article","og_title":"BOSEN \u00abKONTZERTUAK BIZKAIAN\u00bb IZENEKO BIRA - Bilbao Orkestra Sinfonikoa","og_description":"Aste honetan, BOSek hasiera emango dio Bizkaian zehar egiten duen udako bira tradizionalari. Aurtengo abuztuan, Bermeo, Lekeitio eta Karrantzan (Pozalaguako auditoriuma) arituko dira \u00a0 Bilbon, 2019ko abuztuaren 5ean Aste honetan, Bizkaian egiten dugun udako bira tradizionalak Bermeora (abuztuak 8), Lekeitiora (abuztuak 9) eta Karrantzako Pozalaguako auditoriumera (abuztuak 10) eramango gaitu. Bertan, lehen aldiz jardungo dugu, &hellip; Jarraitu irakurtzen \"BOSEN \u00abKONTZERTUAK BIZKAIAN\u00bb IZENEKO BIRA\"","og_url":"https:\/\/www.bilbaorkestra.eus\/gira-conciertos-por-bizkaia-de-la-bos\/","og_site_name":"Bilbao Orkestra Sinfonikoa","article_publisher":"https:\/\/www.facebook.com\/SinfonicadeBilbao","article_published_time":"2019-08-06T11:29:57+00:00","article_modified_time":"2019-08-06T11:31:38+00:00","og_image":[{"width":1920,"height":1440,"url":"https:\/\/www.bilbaorkestra.eus\/wp-content\/uploads\/2019\/08\/conciertos-por-bizkaia-bos.jpg","type":"image\/jpeg"}],"author":"trek","twitter_card":"summary_large_image","twitter_misc":{"Written by":"trek","Est. reading time":"1 minutua"},"schema":{"@context":"https:\/\/schema.org","@graph":[{"@type":"Article","@id":"https:\/\/www.bilbaorkestra.eus\/gira-conciertos-por-bizkaia-de-la-bos\/#article","isPartOf":{"@id":"https:\/\/www.bilbaorkestra.eus\/gira-conciertos-por-bizkaia-de-la-bos\/"},"author":{"name":"trek","@id":"https:\/\/www.bilbaorkestra.eus\/#\/schema\/person\/13378462cfa1c45ee3b8f8772e2bed1d"},"headline":"BOSEN \u00abKONTZERTUAK BIZKAIAN\u00bb IZENEKO BIRA","datePublished":"2019-08-06T11:29:57+00:00","dateModified":"2019-08-06T11:31:38+00:00","mainEntityOfPage":{"@id":"https:\/\/www.bilbaorkestra.eus\/gira-conciertos-por-bizkaia-de-la-bos\/"},"wordCount":170,"commentCount":0,"publisher":{"@id":"https:\/\/www.bilbaorkestra.eus\/#organization"},"image":{"@id":"https:\/\/www.bilbaorkestra.eus\/gira-conciertos-por-bizkaia-de-la-bos\/#primaryimage"},"thumbnailUrl":"https:\/\/www.bilbaorkestra.eus\/wp-content\/uploads\/2019\/08\/conciertos-por-bizkaia-bos.jpg","articleSection":["albistea","blog"],"inLanguage":"eu","potentialAction":[{"@type":"CommentAction","name":"Comment","target":["https:\/\/www.bilbaorkestra.eus\/gira-conciertos-por-bizkaia-de-la-bos\/#respond"]}]},{"@type":"WebPage","@id":"https:\/\/www.bilbaorkestra.eus\/gira-conciertos-por-bizkaia-de-la-bos\/","url":"https:\/\/www.bilbaorkestra.eus\/gira-conciertos-por-bizkaia-de-la-bos\/","name":"BOSEN \u00abKONTZERTUAK BIZKAIAN\u00bb IZENEKO BIRA - Bilbao Orkestra Sinfonikoa","isPartOf":{"@id":"https:\/\/www.bilbaorkestra.eus\/#website"},"primaryImageOfPage":{"@id":"https:\/\/www.bilbaorkestra.eus\/gira-conciertos-por-bizkaia-de-la-bos\/#primaryimage"},"image":{"@id":"https:\/\/www.bilbaorkestra.eus\/gira-conciertos-por-bizkaia-de-la-bos\/#primaryimage"},"thumbnailUrl":"https:\/\/www.bilbaorkestra.eus\/wp-content\/uploads\/2019\/08\/conciertos-por-bizkaia-bos.jpg","datePublished":"2019-08-06T11:29:57+00:00","dateModified":"2019-08-06T11:31:38+00:00","breadcrumb":{"@id":"https:\/\/www.bilbaorkestra.eus\/gira-conciertos-por-bizkaia-de-la-bos\/#breadcrumb"},"inLanguage":"eu","potentialAction":[{"@type":"ReadAction","target":["https:\/\/www.bilbaorkestra.eus\/gira-conciertos-por-bizkaia-de-la-bos\/"]}]},{"@type":"ImageObject","inLanguage":"eu","@id":"https:\/\/www.bilbaorkestra.eus\/gira-conciertos-por-bizkaia-de-la-bos\/#primaryimage","url":"https:\/\/www.bilbaorkestra.eus\/wp-content\/uploads\/2019\/08\/conciertos-por-bizkaia-bos.jpg","contentUrl":"https:\/\/www.bilbaorkestra.eus\/wp-content\/uploads\/2019\/08\/conciertos-por-bizkaia-bos.jpg","width":1920,"height":1440},{"@type":"BreadcrumbList","@id":"https:\/\/www.bilbaorkestra.eus\/gira-conciertos-por-bizkaia-de-la-bos\/#breadcrumb","itemListElement":[{"@type":"ListItem","position":1,"name":"Portada","item":"https:\/\/www.bilbaorkestra.eus\/"},{"@type":"ListItem","position":2,"name":"BOSEN \u00abKONTZERTUAK BIZKAIAN\u00bb IZENEKO BIRA"}]},{"@type":"WebSite","@id":"https:\/\/www.bilbaorkestra.eus\/#website","url":"https:\/\/www.bilbaorkestra.eus\/","name":"Bilbao Orkestra Sinfonikoa","description":"P\u00e1gina web de la Orquesta Sinf\u00f3nica de Bilbao","publisher":{"@id":"https:\/\/www.bilbaorkestra.eus\/#organization"},"potentialAction":[{"@type":"SearchAction","target":{"@type":"EntryPoint","urlTemplate":"https:\/\/www.bilbaorkestra.eus\/?s={search_term_string}"},"query-input":{"@type":"PropertyValueSpecification","valueRequired":true,"valueName":"search_term_string"}}],"inLanguage":"eu"},{"@type":"Organization","@id":"https:\/\/www.bilbaorkestra.eus\/#organization","name":"Bilbao Orkestra Sinfonikoa","url":"https:\/\/www.bilbaorkestra.eus\/","logo":{"@type":"ImageObject","inLanguage":"eu","@id":"https:\/\/www.bilbaorkestra.eus\/#\/schema\/logo\/image\/","url":"https:\/\/www.bilbaorkestra.eus\/wp-content\/uploads\/2016\/04\/logo-BOS-CMYK.jpg","contentUrl":"https:\/\/www.bilbaorkestra.eus\/wp-content\/uploads\/2016\/04\/logo-BOS-CMYK.jpg","width":1772,"height":2113,"caption":"Bilbao Orkestra Sinfonikoa"},"image":{"@id":"https:\/\/www.bilbaorkestra.eus\/#\/schema\/logo\/image\/"},"sameAs":["https:\/\/www.facebook.com\/SinfonicadeBilbao"]},{"@type":"Person","@id":"https:\/\/www.bilbaorkestra.eus\/#\/schema\/person\/13378462cfa1c45ee3b8f8772e2bed1d","name":"trek","image":{"@type":"ImageObject","inLanguage":"eu","@id":"https:\/\/secure.gravatar.com\/avatar\/f3c007bca7e0cf283dcd16b02bbaedbf3c5cf11c44d9e027ecf0a4846842e067?s=96&d=mm&r=g","url":"https:\/\/secure.gravatar.com\/avatar\/f3c007bca7e0cf283dcd16b02bbaedbf3c5cf11c44d9e027ecf0a4846842e067?s=96&d=mm&r=g","contentUrl":"https:\/\/secure.gravatar.com\/avatar\/f3c007bca7e0cf283dcd16b02bbaedbf3c5cf11c44d9e027ecf0a4846842e067?s=96&d=mm&r=g","caption":"trek"},"url":"https:\/\/www.bilbaorkestra.eus\/eu\/author\/trek\/"}]}},"_links":{"self":[{"href":"https:\/\/www.bilbaorkestra.eus\/eu\/wp-json\/wp\/v2\/posts\/13637","targetHints":{"allow":["GET"]}}],"collection":[{"href":"https:\/\/www.bilbaorkestra.eus\/eu\/wp-json\/wp\/v2\/posts"}],"about":[{"href":"https:\/\/www.bilbaorkestra.eus\/eu\/wp-json\/wp\/v2\/types\/post"}],"author":[{"embeddable":true,"href":"https:\/\/www.bilbaorkestra.eus\/eu\/wp-json\/wp\/v2\/users\/1"}],"replies":[{"embeddable":true,"href":"https:\/\/www.bilbaorkestra.eus\/eu\/wp-json\/wp\/v2\/comments?post=13637"}],"version-history":[{"count":1,"href":"https:\/\/www.bilbaorkestra.eus\/eu\/wp-json\/wp\/v2\/posts\/13637\/revisions"}],"predecessor-version":[{"id":13638,"href":"https:\/\/www.bilbaorkestra.eus\/eu\/wp-json\/wp\/v2\/posts\/13637\/revisions\/13638"}],"wp:featuredmedia":[{"embeddable":true,"href":"https:\/\/www.bilbaorkestra.eus\/eu\/wp-json\/wp\/v2\/media\/13635"}],"wp:attachment":[{"href":"https:\/\/www.bilbaorkestra.eus\/eu\/wp-json\/wp\/v2\/media?parent=13637"}],"wp:term":[{"taxonomy":"category","embeddable":true,"href":"https:\/\/www.bilbaorkestra.eus\/eu\/wp-json\/wp\/v2\/categories?post=13637"},{"taxonomy":"post_tag","embeddable":true,"href":"https:\/\/www.bilbaorkestra.eus\/eu\/wp-json\/wp\/v2\/tags?post=13637"}],"curies":[{"name":"wp","href":"https:\/\/api.w.org\/{rel}","templated":true}]}}