{"id":9459,"date":"2017-05-03T12:00:50","date_gmt":"2017-05-03T10:00:50","guid":{"rendered":"https:\/\/bilbaorkestra.eus\/en\/la-bos-interpreta-esta-semana-la-obra-perdida-de-igor-stravinsky\/"},"modified":"2017-05-03T13:20:00","modified_gmt":"2017-05-03T11:20:00","slug":"esta-semana-la-bos-interpreta-la-obra-perdida-de-igor-stravinsky","status":"publish","type":"post","link":"https:\/\/www.bilbaorkestra.eus\/en\/esta-semana-la-bos-interpreta-la-obra-perdida-de-igor-stravinsky\/","title":{"rendered":"LA BOS INTERPRETA ESTA SEMANA LA \u201cOBRA PERDIDA\u201d DE IGOR STRAVINSKY"},"content":{"rendered":"<p>La BOS interpreta la composici\u00f3n orquestal \u2018Canto f\u00fanebre\u2019 que el genio ruso escribi\u00f3 en 1908. Perdida durante la Revoluci\u00f3n rusa y encontrada en 2015 el Conservatorio de San Petersburgo.<\/p>\n<p><iframe loading=\"lazy\" src=\"https:\/\/www.youtube.com\/embed\/qnXG1NyYSyo\" width=\"560\" height=\"315\" frameborder=\"0\" allowfullscreen=\"allowfullscreen\"><\/iframe><\/p>\n<p><a href=\"https:\/\/bilbaorkestra.eus\/temporada-2017-2018\/\" target=\"_blank\">Este jueves y viernes, dentro del programa n\u00ba 15 de nuestra Temporada Sinf\u00f3nica<\/a>, la BOS va a interpretar <strong>\u201cCanto f\u00fanebre\u201d<\/strong>. La obra que el compositor ruso Igor Stravinsky (Oranienbaum, Rusia, 1882-Nueva York, 1971) escribi\u00f3 en 1908 y que s\u00f3lo fue interpretada en una ocasi\u00f3n, en 1909 en San Petersburgo. Para despu\u00e9s darse por perdida durante la Revoluci\u00f3n rusa.<br \/>\n<strong>Exactamente 5 meses despu\u00e9s de su \u201cre-estreno\u201d, la BOS va a ser la primera orquesta del Estado que interprete esta pieza.<\/strong> Una pieza que se define como el \u201ceslab\u00f3n perdido\u201d que permite comprender, en toda su dimensi\u00f3n, la evoluci\u00f3n del genial compositor ruso desde la tradici\u00f3n decimon\u00f3nica rusa hacia la modernidad. Una evoluci\u00f3n musical que emprendi\u00f3 de forma plena un a\u00f1o despu\u00e9s, en 1910, con el estreno en Par\u00eds de \u201cEl p\u00e1jaro de fuego\u201d.<br \/>\nLa composici\u00f3n se dio por perdida durante la Revoluci\u00f3n rusa. Pero en 2015 tras una remodelaci\u00f3n del Conservatorio de San Petersburgo, que permiti\u00f3 analizar multitud de manuscritos musicales sin catalogar, se encontraron las partichelas o partes sueltas manuscritas utilizadas por la orquesta del conservatorio en el estreno de 1909.<br \/>\nLa obra fue reintrepretada el pasado 3 de dicienbre de 2016, por primera vez tras el descubrimiento, por la orquesta del Teatro Mariinski dirigida por Valeri Gu\u00e9rguiev.<br \/>\nTras el redescubrimiento, la obra ha sido interpretada, hasta ahora, por 9 orquestas a lo largo de todo el mundo (por orden de intrepretaci\u00f3n): Mariinsky Orchestra; Seoul Philharmonic Orchestra; Symphony Orchestra of the Moscow Conservatory; Singapore Symphony Orchestra; Netherlands Radio Philharmonic; Philharmonia Orchestra (Londres); Orchestre National de France; Chicago Symphony Orchestra; New York Philharmonic, y Auckland Philharmonia. <strong>Siendo la BOS la d\u00e9cima que lo hace en todo el mundo tras su reestreno por la Orquesta del Teatro Mariinsky.<\/strong><\/p>\n","protected":false},"excerpt":{"rendered":"<p>La BOS interpreta la composici\u00f3n orquestal \u2018Canto f\u00fanebre\u2019 que el genio ruso escribi\u00f3 en 1908. Perdida durante la Revoluci\u00f3n rusa y encontrada en 2015 el Conservatorio de San Petersburgo. Este jueves y viernes, dentro del programa n\u00ba 15 de nuestra Temporada Sinf\u00f3nica, la BOS va a interpretar \u201cCanto f\u00fanebre\u201d. La obra que el compositor ruso &hellip; <a href=\"https:\/\/www.bilbaorkestra.eus\/en\/esta-semana-la-bos-interpreta-la-obra-perdida-de-igor-stravinsky\/\" class=\"more-link\">Continue reading <span class=\"screen-reader-text\"> &#8220;LA BOS INTERPRETA ESTA SEMANA LA \u201cOBRA PERDIDA\u201d DE IGOR STRAVINSKY&#8221;<\/span><\/a><\/p>\n","protected":false},"author":1,"featured_media":8205,"comment_status":"open","ping_status":"open","sticky":false,"template":"","format":"standard","meta":{"_acf_changed":false,"footnotes":""},"categories":[57,51],"tags":[],"class_list":["post-9459","post","type-post","status-publish","format-standard","has-post-thumbnail","hentry","category-blog-en","category-new"],"acf":[],"yoast_head":"<!-- This site is optimized with the Yoast SEO plugin v27.4 - https:\/\/yoast.com\/product\/yoast-seo-wordpress\/ -->\n<title>LA BOS INTERPRETA ESTA SEMANA LA \u201cOBRA PERDIDA\u201d DE IGOR STRAVINSKY - Bilbao Orkestra Sinfonikoa<\/title>\n<meta name=\"robots\" content=\"index, follow, max-snippet:-1, max-image-preview:large, max-video-preview:-1\" \/>\n<link rel=\"canonical\" href=\"https:\/\/www.bilbaorkestra.eus\/en\/esta-semana-la-bos-interpreta-la-obra-perdida-de-igor-stravinsky\/\" \/>\n<meta property=\"og:locale\" content=\"en_US\" \/>\n<meta property=\"og:type\" content=\"article\" \/>\n<meta property=\"og:title\" content=\"LA BOS INTERPRETA ESTA SEMANA LA \u201cOBRA PERDIDA\u201d DE IGOR STRAVINSKY - Bilbao Orkestra Sinfonikoa\" \/>\n<meta property=\"og:description\" content=\"La BOS interpreta la composici\u00f3n orquestal \u2018Canto f\u00fanebre\u2019 que el genio ruso escribi\u00f3 en 1908. Perdida durante la Revoluci\u00f3n rusa y encontrada en 2015 el Conservatorio de San Petersburgo. Este jueves y viernes, dentro del programa n\u00ba 15 de nuestra Temporada Sinf\u00f3nica, la BOS va a interpretar \u201cCanto f\u00fanebre\u201d. La obra que el compositor ruso &hellip; Continue reading &quot;LA BOS INTERPRETA ESTA SEMANA LA \u201cOBRA PERDIDA\u201d DE IGOR STRAVINSKY&quot;\" \/>\n<meta property=\"og:url\" content=\"https:\/\/www.bilbaorkestra.eus\/en\/esta-semana-la-bos-interpreta-la-obra-perdida-de-igor-stravinsky\/\" \/>\n<meta property=\"og:site_name\" content=\"Bilbao Orkestra Sinfonikoa\" \/>\n<meta property=\"article:publisher\" content=\"https:\/\/www.facebook.com\/SinfonicadeBilbao\" \/>\n<meta property=\"article:published_time\" content=\"2017-05-03T10:00:50+00:00\" \/>\n<meta property=\"article:modified_time\" content=\"2017-05-03T11:20:00+00:00\" \/>\n<meta property=\"og:image\" content=\"https:\/\/www.bilbaorkestra.eus\/wp-content\/uploads\/2016\/09\/Erik_Nielsen_2-1-1024x680.jpg\" \/>\n\t<meta property=\"og:image:width\" content=\"1024\" \/>\n\t<meta property=\"og:image:height\" content=\"680\" \/>\n\t<meta property=\"og:image:type\" content=\"image\/jpeg\" \/>\n<meta name=\"author\" content=\"trek\" \/>\n<meta name=\"twitter:card\" content=\"summary_large_image\" \/>\n<meta name=\"twitter:label1\" content=\"Written by\" \/>\n\t<meta name=\"twitter:data1\" content=\"trek\" \/>\n\t<meta name=\"twitter:label2\" content=\"Est. reading time\" \/>\n\t<meta name=\"twitter:data2\" content=\"2 minutes\" \/>\n<script type=\"application\/ld+json\" class=\"yoast-schema-graph\">{\"@context\":\"https:\\\/\\\/schema.org\",\"@graph\":[{\"@type\":\"Article\",\"@id\":\"https:\\\/\\\/www.bilbaorkestra.eus\\\/en\\\/esta-semana-la-bos-interpreta-la-obra-perdida-de-igor-stravinsky\\\/#article\",\"isPartOf\":{\"@id\":\"https:\\\/\\\/www.bilbaorkestra.eus\\\/en\\\/esta-semana-la-bos-interpreta-la-obra-perdida-de-igor-stravinsky\\\/\"},\"author\":{\"name\":\"trek\",\"@id\":\"https:\\\/\\\/www.bilbaorkestra.eus\\\/#\\\/schema\\\/person\\\/13378462cfa1c45ee3b8f8772e2bed1d\"},\"headline\":\"LA BOS INTERPRETA ESTA SEMANA LA \u201cOBRA PERDIDA\u201d DE IGOR STRAVINSKY\",\"datePublished\":\"2017-05-03T10:00:50+00:00\",\"dateModified\":\"2017-05-03T11:20:00+00:00\",\"mainEntityOfPage\":{\"@id\":\"https:\\\/\\\/www.bilbaorkestra.eus\\\/en\\\/esta-semana-la-bos-interpreta-la-obra-perdida-de-igor-stravinsky\\\/\"},\"wordCount\":339,\"commentCount\":0,\"publisher\":{\"@id\":\"https:\\\/\\\/www.bilbaorkestra.eus\\\/#organization\"},\"image\":{\"@id\":\"https:\\\/\\\/www.bilbaorkestra.eus\\\/en\\\/esta-semana-la-bos-interpreta-la-obra-perdida-de-igor-stravinsky\\\/#primaryimage\"},\"thumbnailUrl\":\"https:\\\/\\\/www.bilbaorkestra.eus\\\/wp-content\\\/uploads\\\/2016\\\/09\\\/Erik_Nielsen_2-1.jpg\",\"articleSection\":[\"blog\",\"new\"],\"inLanguage\":\"en-US\",\"potentialAction\":[{\"@type\":\"CommentAction\",\"name\":\"Comment\",\"target\":[\"https:\\\/\\\/www.bilbaorkestra.eus\\\/en\\\/esta-semana-la-bos-interpreta-la-obra-perdida-de-igor-stravinsky\\\/#respond\"]}]},{\"@type\":\"WebPage\",\"@id\":\"https:\\\/\\\/www.bilbaorkestra.eus\\\/en\\\/esta-semana-la-bos-interpreta-la-obra-perdida-de-igor-stravinsky\\\/\",\"url\":\"https:\\\/\\\/www.bilbaorkestra.eus\\\/en\\\/esta-semana-la-bos-interpreta-la-obra-perdida-de-igor-stravinsky\\\/\",\"name\":\"LA BOS INTERPRETA ESTA SEMANA LA \u201cOBRA PERDIDA\u201d DE IGOR STRAVINSKY - Bilbao Orkestra Sinfonikoa\",\"isPartOf\":{\"@id\":\"https:\\\/\\\/www.bilbaorkestra.eus\\\/#website\"},\"primaryImageOfPage\":{\"@id\":\"https:\\\/\\\/www.bilbaorkestra.eus\\\/en\\\/esta-semana-la-bos-interpreta-la-obra-perdida-de-igor-stravinsky\\\/#primaryimage\"},\"image\":{\"@id\":\"https:\\\/\\\/www.bilbaorkestra.eus\\\/en\\\/esta-semana-la-bos-interpreta-la-obra-perdida-de-igor-stravinsky\\\/#primaryimage\"},\"thumbnailUrl\":\"https:\\\/\\\/www.bilbaorkestra.eus\\\/wp-content\\\/uploads\\\/2016\\\/09\\\/Erik_Nielsen_2-1.jpg\",\"datePublished\":\"2017-05-03T10:00:50+00:00\",\"dateModified\":\"2017-05-03T11:20:00+00:00\",\"breadcrumb\":{\"@id\":\"https:\\\/\\\/www.bilbaorkestra.eus\\\/en\\\/esta-semana-la-bos-interpreta-la-obra-perdida-de-igor-stravinsky\\\/#breadcrumb\"},\"inLanguage\":\"en-US\",\"potentialAction\":[{\"@type\":\"ReadAction\",\"target\":[\"https:\\\/\\\/www.bilbaorkestra.eus\\\/en\\\/esta-semana-la-bos-interpreta-la-obra-perdida-de-igor-stravinsky\\\/\"]}]},{\"@type\":\"ImageObject\",\"inLanguage\":\"en-US\",\"@id\":\"https:\\\/\\\/www.bilbaorkestra.eus\\\/en\\\/esta-semana-la-bos-interpreta-la-obra-perdida-de-igor-stravinsky\\\/#primaryimage\",\"url\":\"https:\\\/\\\/www.bilbaorkestra.eus\\\/wp-content\\\/uploads\\\/2016\\\/09\\\/Erik_Nielsen_2-1.jpg\",\"contentUrl\":\"https:\\\/\\\/www.bilbaorkestra.eus\\\/wp-content\\\/uploads\\\/2016\\\/09\\\/Erik_Nielsen_2-1.jpg\",\"width\":3600,\"height\":2392},{\"@type\":\"BreadcrumbList\",\"@id\":\"https:\\\/\\\/www.bilbaorkestra.eus\\\/en\\\/esta-semana-la-bos-interpreta-la-obra-perdida-de-igor-stravinsky\\\/#breadcrumb\",\"itemListElement\":[{\"@type\":\"ListItem\",\"position\":1,\"name\":\"Portada\",\"item\":\"https:\\\/\\\/www.bilbaorkestra.eus\\\/\"},{\"@type\":\"ListItem\",\"position\":2,\"name\":\"LA BOS INTERPRETA ESTA SEMANA LA \u201cOBRA PERDIDA\u201d DE IGOR STRAVINSKY\"}]},{\"@type\":\"WebSite\",\"@id\":\"https:\\\/\\\/www.bilbaorkestra.eus\\\/#website\",\"url\":\"https:\\\/\\\/www.bilbaorkestra.eus\\\/\",\"name\":\"Bilbao Orkestra Sinfonikoa\",\"description\":\"P\u00e1gina web de la Orquesta Sinf\u00f3nica de Bilbao\",\"publisher\":{\"@id\":\"https:\\\/\\\/www.bilbaorkestra.eus\\\/#organization\"},\"potentialAction\":[{\"@type\":\"SearchAction\",\"target\":{\"@type\":\"EntryPoint\",\"urlTemplate\":\"https:\\\/\\\/www.bilbaorkestra.eus\\\/?s={search_term_string}\"},\"query-input\":{\"@type\":\"PropertyValueSpecification\",\"valueRequired\":true,\"valueName\":\"search_term_string\"}}],\"inLanguage\":\"en-US\"},{\"@type\":\"Organization\",\"@id\":\"https:\\\/\\\/www.bilbaorkestra.eus\\\/#organization\",\"name\":\"Bilbao Orkestra Sinfonikoa\",\"url\":\"https:\\\/\\\/www.bilbaorkestra.eus\\\/\",\"logo\":{\"@type\":\"ImageObject\",\"inLanguage\":\"en-US\",\"@id\":\"https:\\\/\\\/www.bilbaorkestra.eus\\\/#\\\/schema\\\/logo\\\/image\\\/\",\"url\":\"https:\\\/\\\/www.bilbaorkestra.eus\\\/wp-content\\\/uploads\\\/2016\\\/04\\\/logo-BOS-CMYK.jpg\",\"contentUrl\":\"https:\\\/\\\/www.bilbaorkestra.eus\\\/wp-content\\\/uploads\\\/2016\\\/04\\\/logo-BOS-CMYK.jpg\",\"width\":1772,\"height\":2113,\"caption\":\"Bilbao Orkestra Sinfonikoa\"},\"image\":{\"@id\":\"https:\\\/\\\/www.bilbaorkestra.eus\\\/#\\\/schema\\\/logo\\\/image\\\/\"},\"sameAs\":[\"https:\\\/\\\/www.facebook.com\\\/SinfonicadeBilbao\"]},{\"@type\":\"Person\",\"@id\":\"https:\\\/\\\/www.bilbaorkestra.eus\\\/#\\\/schema\\\/person\\\/13378462cfa1c45ee3b8f8772e2bed1d\",\"name\":\"trek\",\"image\":{\"@type\":\"ImageObject\",\"inLanguage\":\"en-US\",\"@id\":\"https:\\\/\\\/secure.gravatar.com\\\/avatar\\\/f3c007bca7e0cf283dcd16b02bbaedbf3c5cf11c44d9e027ecf0a4846842e067?s=96&d=mm&r=g\",\"url\":\"https:\\\/\\\/secure.gravatar.com\\\/avatar\\\/f3c007bca7e0cf283dcd16b02bbaedbf3c5cf11c44d9e027ecf0a4846842e067?s=96&d=mm&r=g\",\"contentUrl\":\"https:\\\/\\\/secure.gravatar.com\\\/avatar\\\/f3c007bca7e0cf283dcd16b02bbaedbf3c5cf11c44d9e027ecf0a4846842e067?s=96&d=mm&r=g\",\"caption\":\"trek\"},\"url\":\"https:\\\/\\\/www.bilbaorkestra.eus\\\/en\\\/author\\\/trek\\\/\"}]}<\/script>\n<!-- \/ Yoast SEO plugin. -->","yoast_head_json":{"title":"LA BOS INTERPRETA ESTA SEMANA LA \u201cOBRA PERDIDA\u201d DE IGOR STRAVINSKY - Bilbao Orkestra Sinfonikoa","robots":{"index":"index","follow":"follow","max-snippet":"max-snippet:-1","max-image-preview":"max-image-preview:large","max-video-preview":"max-video-preview:-1"},"canonical":"https:\/\/www.bilbaorkestra.eus\/en\/esta-semana-la-bos-interpreta-la-obra-perdida-de-igor-stravinsky\/","og_locale":"en_US","og_type":"article","og_title":"LA BOS INTERPRETA ESTA SEMANA LA \u201cOBRA PERDIDA\u201d DE IGOR STRAVINSKY - Bilbao Orkestra Sinfonikoa","og_description":"La BOS interpreta la composici\u00f3n orquestal \u2018Canto f\u00fanebre\u2019 que el genio ruso escribi\u00f3 en 1908. Perdida durante la Revoluci\u00f3n rusa y encontrada en 2015 el Conservatorio de San Petersburgo. Este jueves y viernes, dentro del programa n\u00ba 15 de nuestra Temporada Sinf\u00f3nica, la BOS va a interpretar \u201cCanto f\u00fanebre\u201d. La obra que el compositor ruso &hellip; Continue reading \"LA BOS INTERPRETA ESTA SEMANA LA \u201cOBRA PERDIDA\u201d DE IGOR STRAVINSKY\"","og_url":"https:\/\/www.bilbaorkestra.eus\/en\/esta-semana-la-bos-interpreta-la-obra-perdida-de-igor-stravinsky\/","og_site_name":"Bilbao Orkestra Sinfonikoa","article_publisher":"https:\/\/www.facebook.com\/SinfonicadeBilbao","article_published_time":"2017-05-03T10:00:50+00:00","article_modified_time":"2017-05-03T11:20:00+00:00","og_image":[{"width":1024,"height":680,"url":"https:\/\/www.bilbaorkestra.eus\/wp-content\/uploads\/2016\/09\/Erik_Nielsen_2-1-1024x680.jpg","type":"image\/jpeg"}],"author":"trek","twitter_card":"summary_large_image","twitter_misc":{"Written by":"trek","Est. reading time":"2 minutes"},"schema":{"@context":"https:\/\/schema.org","@graph":[{"@type":"Article","@id":"https:\/\/www.bilbaorkestra.eus\/en\/esta-semana-la-bos-interpreta-la-obra-perdida-de-igor-stravinsky\/#article","isPartOf":{"@id":"https:\/\/www.bilbaorkestra.eus\/en\/esta-semana-la-bos-interpreta-la-obra-perdida-de-igor-stravinsky\/"},"author":{"name":"trek","@id":"https:\/\/www.bilbaorkestra.eus\/#\/schema\/person\/13378462cfa1c45ee3b8f8772e2bed1d"},"headline":"LA BOS INTERPRETA ESTA SEMANA LA \u201cOBRA PERDIDA\u201d DE IGOR STRAVINSKY","datePublished":"2017-05-03T10:00:50+00:00","dateModified":"2017-05-03T11:20:00+00:00","mainEntityOfPage":{"@id":"https:\/\/www.bilbaorkestra.eus\/en\/esta-semana-la-bos-interpreta-la-obra-perdida-de-igor-stravinsky\/"},"wordCount":339,"commentCount":0,"publisher":{"@id":"https:\/\/www.bilbaorkestra.eus\/#organization"},"image":{"@id":"https:\/\/www.bilbaorkestra.eus\/en\/esta-semana-la-bos-interpreta-la-obra-perdida-de-igor-stravinsky\/#primaryimage"},"thumbnailUrl":"https:\/\/www.bilbaorkestra.eus\/wp-content\/uploads\/2016\/09\/Erik_Nielsen_2-1.jpg","articleSection":["blog","new"],"inLanguage":"en-US","potentialAction":[{"@type":"CommentAction","name":"Comment","target":["https:\/\/www.bilbaorkestra.eus\/en\/esta-semana-la-bos-interpreta-la-obra-perdida-de-igor-stravinsky\/#respond"]}]},{"@type":"WebPage","@id":"https:\/\/www.bilbaorkestra.eus\/en\/esta-semana-la-bos-interpreta-la-obra-perdida-de-igor-stravinsky\/","url":"https:\/\/www.bilbaorkestra.eus\/en\/esta-semana-la-bos-interpreta-la-obra-perdida-de-igor-stravinsky\/","name":"LA BOS INTERPRETA ESTA SEMANA LA \u201cOBRA PERDIDA\u201d DE IGOR STRAVINSKY - Bilbao Orkestra Sinfonikoa","isPartOf":{"@id":"https:\/\/www.bilbaorkestra.eus\/#website"},"primaryImageOfPage":{"@id":"https:\/\/www.bilbaorkestra.eus\/en\/esta-semana-la-bos-interpreta-la-obra-perdida-de-igor-stravinsky\/#primaryimage"},"image":{"@id":"https:\/\/www.bilbaorkestra.eus\/en\/esta-semana-la-bos-interpreta-la-obra-perdida-de-igor-stravinsky\/#primaryimage"},"thumbnailUrl":"https:\/\/www.bilbaorkestra.eus\/wp-content\/uploads\/2016\/09\/Erik_Nielsen_2-1.jpg","datePublished":"2017-05-03T10:00:50+00:00","dateModified":"2017-05-03T11:20:00+00:00","breadcrumb":{"@id":"https:\/\/www.bilbaorkestra.eus\/en\/esta-semana-la-bos-interpreta-la-obra-perdida-de-igor-stravinsky\/#breadcrumb"},"inLanguage":"en-US","potentialAction":[{"@type":"ReadAction","target":["https:\/\/www.bilbaorkestra.eus\/en\/esta-semana-la-bos-interpreta-la-obra-perdida-de-igor-stravinsky\/"]}]},{"@type":"ImageObject","inLanguage":"en-US","@id":"https:\/\/www.bilbaorkestra.eus\/en\/esta-semana-la-bos-interpreta-la-obra-perdida-de-igor-stravinsky\/#primaryimage","url":"https:\/\/www.bilbaorkestra.eus\/wp-content\/uploads\/2016\/09\/Erik_Nielsen_2-1.jpg","contentUrl":"https:\/\/www.bilbaorkestra.eus\/wp-content\/uploads\/2016\/09\/Erik_Nielsen_2-1.jpg","width":3600,"height":2392},{"@type":"BreadcrumbList","@id":"https:\/\/www.bilbaorkestra.eus\/en\/esta-semana-la-bos-interpreta-la-obra-perdida-de-igor-stravinsky\/#breadcrumb","itemListElement":[{"@type":"ListItem","position":1,"name":"Portada","item":"https:\/\/www.bilbaorkestra.eus\/"},{"@type":"ListItem","position":2,"name":"LA BOS INTERPRETA ESTA SEMANA LA \u201cOBRA PERDIDA\u201d DE IGOR STRAVINSKY"}]},{"@type":"WebSite","@id":"https:\/\/www.bilbaorkestra.eus\/#website","url":"https:\/\/www.bilbaorkestra.eus\/","name":"Bilbao Orkestra Sinfonikoa","description":"P\u00e1gina web de la Orquesta Sinf\u00f3nica de Bilbao","publisher":{"@id":"https:\/\/www.bilbaorkestra.eus\/#organization"},"potentialAction":[{"@type":"SearchAction","target":{"@type":"EntryPoint","urlTemplate":"https:\/\/www.bilbaorkestra.eus\/?s={search_term_string}"},"query-input":{"@type":"PropertyValueSpecification","valueRequired":true,"valueName":"search_term_string"}}],"inLanguage":"en-US"},{"@type":"Organization","@id":"https:\/\/www.bilbaorkestra.eus\/#organization","name":"Bilbao Orkestra Sinfonikoa","url":"https:\/\/www.bilbaorkestra.eus\/","logo":{"@type":"ImageObject","inLanguage":"en-US","@id":"https:\/\/www.bilbaorkestra.eus\/#\/schema\/logo\/image\/","url":"https:\/\/www.bilbaorkestra.eus\/wp-content\/uploads\/2016\/04\/logo-BOS-CMYK.jpg","contentUrl":"https:\/\/www.bilbaorkestra.eus\/wp-content\/uploads\/2016\/04\/logo-BOS-CMYK.jpg","width":1772,"height":2113,"caption":"Bilbao Orkestra Sinfonikoa"},"image":{"@id":"https:\/\/www.bilbaorkestra.eus\/#\/schema\/logo\/image\/"},"sameAs":["https:\/\/www.facebook.com\/SinfonicadeBilbao"]},{"@type":"Person","@id":"https:\/\/www.bilbaorkestra.eus\/#\/schema\/person\/13378462cfa1c45ee3b8f8772e2bed1d","name":"trek","image":{"@type":"ImageObject","inLanguage":"en-US","@id":"https:\/\/secure.gravatar.com\/avatar\/f3c007bca7e0cf283dcd16b02bbaedbf3c5cf11c44d9e027ecf0a4846842e067?s=96&d=mm&r=g","url":"https:\/\/secure.gravatar.com\/avatar\/f3c007bca7e0cf283dcd16b02bbaedbf3c5cf11c44d9e027ecf0a4846842e067?s=96&d=mm&r=g","contentUrl":"https:\/\/secure.gravatar.com\/avatar\/f3c007bca7e0cf283dcd16b02bbaedbf3c5cf11c44d9e027ecf0a4846842e067?s=96&d=mm&r=g","caption":"trek"},"url":"https:\/\/www.bilbaorkestra.eus\/en\/author\/trek\/"}]}},"_links":{"self":[{"href":"https:\/\/www.bilbaorkestra.eus\/en\/wp-json\/wp\/v2\/posts\/9459","targetHints":{"allow":["GET"]}}],"collection":[{"href":"https:\/\/www.bilbaorkestra.eus\/en\/wp-json\/wp\/v2\/posts"}],"about":[{"href":"https:\/\/www.bilbaorkestra.eus\/en\/wp-json\/wp\/v2\/types\/post"}],"author":[{"embeddable":true,"href":"https:\/\/www.bilbaorkestra.eus\/en\/wp-json\/wp\/v2\/users\/1"}],"replies":[{"embeddable":true,"href":"https:\/\/www.bilbaorkestra.eus\/en\/wp-json\/wp\/v2\/comments?post=9459"}],"version-history":[{"count":2,"href":"https:\/\/www.bilbaorkestra.eus\/en\/wp-json\/wp\/v2\/posts\/9459\/revisions"}],"predecessor-version":[{"id":9475,"href":"https:\/\/www.bilbaorkestra.eus\/en\/wp-json\/wp\/v2\/posts\/9459\/revisions\/9475"}],"wp:featuredmedia":[{"embeddable":true,"href":"https:\/\/www.bilbaorkestra.eus\/en\/wp-json\/wp\/v2\/media\/8205"}],"wp:attachment":[{"href":"https:\/\/www.bilbaorkestra.eus\/en\/wp-json\/wp\/v2\/media?parent=9459"}],"wp:term":[{"taxonomy":"category","embeddable":true,"href":"https:\/\/www.bilbaorkestra.eus\/en\/wp-json\/wp\/v2\/categories?post=9459"},{"taxonomy":"post_tag","embeddable":true,"href":"https:\/\/www.bilbaorkestra.eus\/en\/wp-json\/wp\/v2\/tags?post=9459"}],"curies":[{"name":"wp","href":"https:\/\/api.w.org\/{rel}","templated":true}]}}