{"id":18784,"date":"2021-09-27T16:14:20","date_gmt":"2021-09-27T14:14:20","guid":{"rendered":"https:\/\/bilbaorkestra.eus\/la-musica-de-cerca-ciclo-xiv\/"},"modified":"2021-10-08T13:43:53","modified_gmt":"2021-10-08T11:43:53","slug":"la-musica-de-cerca-ciclo-xiv","status":"publish","type":"post","link":"https:\/\/www.bilbaorkestra.eus\/en\/la-musica-de-cerca-ciclo-xiv\/","title":{"rendered":"LA M\u00daSICA DE CERCA &#8211; Ciclo XIV"},"content":{"rendered":"<h2><strong>El gran repertorio sinf\u00f3nico.<br \/>\n<\/strong><strong>Una inigualable banda sonora ciudadana.<\/strong><\/h2>\n<p>Impartido por Mercedes Albaina<\/p>\n<p><strong>Plazo de inscripci\u00f3n abierto desde el 4 de octubre. <\/strong><\/p>\n<p><strong>Primera conferencia 20 de octubre.<\/strong><\/p>\n<h3><strong>Contenido del ciclo<\/strong><\/h3>\n<p>Durante un siglo la Orquesta de Bilbao ha coloreado el paisaje sonoro de una ciudad -y m\u00e1s all\u00e1- en imparable crecimiento. A lo largo de estos cien a\u00f1os Bilbao y Bizkaia han sido testigos de acontecimientos hist\u00f3ricos, eventos,<\/p>\n<p>homenajes y acciones cargadas de significaci\u00f3n a los que la BOS ha puesto una banda sonora de alto nivel.<\/p>\n<p>La orquesta -alumbrada y alimentada por una ciudadan\u00eda que disfruta de su labor- ha colocado en sus atriles las grandes composiciones de la Historia de la M\u00fasica, ha sido dirigida por grandes figuras del panorama internacional y ha estado acompa\u00f1ada por importantes coros y solistas de primera fila. Ha estimulado la programaci\u00f3n del rico cat\u00e1logo musical vasco, se ha involucrado en varios estrenos y ha participado en diversas producciones, en colaboraci\u00f3n con otros agentes art\u00edsticos y sociales.<\/p>\n<p>En este ciclo de conferencias haremos un particular recorrido por nuestra historia y la de nuestras familias con el gran repertorio sinf\u00f3nico como tel\u00f3n de fondo.<\/p>\n<h3><strong>Fechas, horario, lugar y precio<\/strong><\/h3>\n<ul>\n<li><strong> Fechas:<\/strong> 20 y 27 de octubre; 3, 10 y 24 de noviembre y 1 de diciembre de 2021. Mi\u00e9rcoles, 6 sesiones.<\/li>\n<li><strong> Horario:<\/strong> de 19:00 a 20:15 h.<\/li>\n<\/ul>\n<ul>\n<li><strong> Desarrollo del curso:<br \/>\n<\/strong><strong>Opci\u00f3n 1.<\/strong> Presencial, en el Auditorio del Museo de Bellas Artes de Bilbao (aforo reducido, disponible hasta completarlo).<br \/>\n<strong>Opci\u00f3n 2.<\/strong> Online, mediante el env\u00edo semanal de un c\u00f3digo de acceso a los v\u00eddeos de cada sesi\u00f3n.<\/li>\n<\/ul>\n<ul>\n<li><strong>Tarifas:<br \/>\n<\/strong><strong>Opci\u00f3n 1.<br \/>\n<\/strong>65 \u20ac (Abonados a la BOS y Amigos del Museo de Bellas Artes de Bilbao).<br \/>\n80 \u20ac (P\u00fablico en general).<br \/>\n<strong>Opci\u00f3n 2.<br \/>\n<\/strong>55 \u20ac (Abonados a la BOS y Amigos del Museo de Bellas Artes de Bilbao).<br \/>\n75 \u20ac (P\u00fablico en general).<strong>Este a\u00f1o, exclusivamente por v\u00eda telef\u00f3nica o email en horario de lunes a viernes, de 10:00 h a 14:00 h. \u00a0T. 658 721 059 <a href=\"mailto:musikahazi@bilbaorkestra.eus\">musikahazi@bilbaorkestra.eus<\/a><\/strong><\/li>\n<\/ul>\n","protected":false},"excerpt":{"rendered":"<p>El gran repertorio sinf\u00f3nico. Una inigualable banda sonora ciudadana. Impartido por Mercedes Albaina Plazo de inscripci\u00f3n abierto desde el 4 de octubre. Primera conferencia 20 de octubre. Contenido del ciclo Durante un siglo la Orquesta de Bilbao ha coloreado el paisaje sonoro de una ciudad -y m\u00e1s all\u00e1- en imparable crecimiento. A lo largo de &hellip; <a href=\"https:\/\/www.bilbaorkestra.eus\/en\/la-musica-de-cerca-ciclo-xiv\/\" class=\"more-link\">Continue reading <span class=\"screen-reader-text\"> &#8220;LA M\u00daSICA DE CERCA &#8211; Ciclo XIV&#8221;<\/span><\/a><\/p>\n","protected":false},"author":1,"featured_media":18491,"comment_status":"open","ping_status":"open","sticky":false,"template":"","format":"standard","meta":{"_acf_changed":false,"footnotes":""},"categories":[51],"tags":[],"class_list":["post-18784","post","type-post","status-publish","format-standard","has-post-thumbnail","hentry","category-new"],"acf":[],"yoast_head":"<!-- This site is optimized with the Yoast SEO plugin v27.4 - https:\/\/yoast.com\/product\/yoast-seo-wordpress\/ -->\n<title>LA M\u00daSICA DE CERCA - Ciclo XIV - Bilbao Orkestra Sinfonikoa<\/title>\n<meta name=\"robots\" content=\"index, follow, max-snippet:-1, max-image-preview:large, max-video-preview:-1\" \/>\n<link rel=\"canonical\" href=\"https:\/\/www.bilbaorkestra.eus\/en\/la-musica-de-cerca-ciclo-xiv\/\" \/>\n<meta property=\"og:locale\" content=\"en_US\" \/>\n<meta property=\"og:type\" content=\"article\" \/>\n<meta property=\"og:title\" content=\"LA M\u00daSICA DE CERCA - Ciclo XIV - Bilbao Orkestra Sinfonikoa\" \/>\n<meta property=\"og:description\" content=\"El gran repertorio sinf\u00f3nico. Una inigualable banda sonora ciudadana. Impartido por Mercedes Albaina Plazo de inscripci\u00f3n abierto desde el 4 de octubre. Primera conferencia 20 de octubre. Contenido del ciclo Durante un siglo la Orquesta de Bilbao ha coloreado el paisaje sonoro de una ciudad -y m\u00e1s all\u00e1- en imparable crecimiento. A lo largo de &hellip; Continue reading &quot;LA M\u00daSICA DE CERCA &#8211; Ciclo XIV&quot;\" \/>\n<meta property=\"og:url\" content=\"https:\/\/www.bilbaorkestra.eus\/en\/la-musica-de-cerca-ciclo-xiv\/\" \/>\n<meta property=\"og:site_name\" content=\"Bilbao Orkestra Sinfonikoa\" \/>\n<meta property=\"article:publisher\" content=\"https:\/\/www.facebook.com\/SinfonicadeBilbao\" \/>\n<meta property=\"article:published_time\" content=\"2021-09-27T14:14:20+00:00\" \/>\n<meta property=\"article:modified_time\" content=\"2021-10-08T11:43:53+00:00\" \/>\n<meta property=\"og:image\" content=\"https:\/\/www.bilbaorkestra.eus\/wp-content\/uploads\/2021\/09\/musika-urbiletik.jpg\" \/>\n\t<meta property=\"og:image:width\" content=\"800\" \/>\n\t<meta property=\"og:image:height\" content=\"500\" \/>\n\t<meta property=\"og:image:type\" content=\"image\/jpeg\" \/>\n<meta name=\"author\" content=\"trek\" \/>\n<meta name=\"twitter:card\" content=\"summary_large_image\" \/>\n<meta name=\"twitter:label1\" content=\"Written by\" \/>\n\t<meta name=\"twitter:data1\" content=\"trek\" \/>\n\t<meta name=\"twitter:label2\" content=\"Est. reading time\" \/>\n\t<meta name=\"twitter:data2\" content=\"2 minutes\" \/>\n<script type=\"application\/ld+json\" class=\"yoast-schema-graph\">{\"@context\":\"https:\\\/\\\/schema.org\",\"@graph\":[{\"@type\":\"Article\",\"@id\":\"https:\\\/\\\/www.bilbaorkestra.eus\\\/en\\\/la-musica-de-cerca-ciclo-xiv\\\/#article\",\"isPartOf\":{\"@id\":\"https:\\\/\\\/www.bilbaorkestra.eus\\\/en\\\/la-musica-de-cerca-ciclo-xiv\\\/\"},\"author\":{\"name\":\"trek\",\"@id\":\"https:\\\/\\\/www.bilbaorkestra.eus\\\/#\\\/schema\\\/person\\\/13378462cfa1c45ee3b8f8772e2bed1d\"},\"headline\":\"LA M\u00daSICA DE CERCA &#8211; Ciclo XIV\",\"datePublished\":\"2021-09-27T14:14:20+00:00\",\"dateModified\":\"2021-10-08T11:43:53+00:00\",\"mainEntityOfPage\":{\"@id\":\"https:\\\/\\\/www.bilbaorkestra.eus\\\/en\\\/la-musica-de-cerca-ciclo-xiv\\\/\"},\"wordCount\":342,\"commentCount\":0,\"publisher\":{\"@id\":\"https:\\\/\\\/www.bilbaorkestra.eus\\\/#organization\"},\"image\":{\"@id\":\"https:\\\/\\\/www.bilbaorkestra.eus\\\/en\\\/la-musica-de-cerca-ciclo-xiv\\\/#primaryimage\"},\"thumbnailUrl\":\"https:\\\/\\\/www.bilbaorkestra.eus\\\/wp-content\\\/uploads\\\/2021\\\/09\\\/musika-urbiletik.jpg\",\"articleSection\":[\"new\"],\"inLanguage\":\"en-US\",\"potentialAction\":[{\"@type\":\"CommentAction\",\"name\":\"Comment\",\"target\":[\"https:\\\/\\\/www.bilbaorkestra.eus\\\/en\\\/la-musica-de-cerca-ciclo-xiv\\\/#respond\"]}]},{\"@type\":\"WebPage\",\"@id\":\"https:\\\/\\\/www.bilbaorkestra.eus\\\/en\\\/la-musica-de-cerca-ciclo-xiv\\\/\",\"url\":\"https:\\\/\\\/www.bilbaorkestra.eus\\\/en\\\/la-musica-de-cerca-ciclo-xiv\\\/\",\"name\":\"LA M\u00daSICA DE CERCA - Ciclo XIV - Bilbao Orkestra Sinfonikoa\",\"isPartOf\":{\"@id\":\"https:\\\/\\\/www.bilbaorkestra.eus\\\/#website\"},\"primaryImageOfPage\":{\"@id\":\"https:\\\/\\\/www.bilbaorkestra.eus\\\/en\\\/la-musica-de-cerca-ciclo-xiv\\\/#primaryimage\"},\"image\":{\"@id\":\"https:\\\/\\\/www.bilbaorkestra.eus\\\/en\\\/la-musica-de-cerca-ciclo-xiv\\\/#primaryimage\"},\"thumbnailUrl\":\"https:\\\/\\\/www.bilbaorkestra.eus\\\/wp-content\\\/uploads\\\/2021\\\/09\\\/musika-urbiletik.jpg\",\"datePublished\":\"2021-09-27T14:14:20+00:00\",\"dateModified\":\"2021-10-08T11:43:53+00:00\",\"breadcrumb\":{\"@id\":\"https:\\\/\\\/www.bilbaorkestra.eus\\\/en\\\/la-musica-de-cerca-ciclo-xiv\\\/#breadcrumb\"},\"inLanguage\":\"en-US\",\"potentialAction\":[{\"@type\":\"ReadAction\",\"target\":[\"https:\\\/\\\/www.bilbaorkestra.eus\\\/en\\\/la-musica-de-cerca-ciclo-xiv\\\/\"]}]},{\"@type\":\"ImageObject\",\"inLanguage\":\"en-US\",\"@id\":\"https:\\\/\\\/www.bilbaorkestra.eus\\\/en\\\/la-musica-de-cerca-ciclo-xiv\\\/#primaryimage\",\"url\":\"https:\\\/\\\/www.bilbaorkestra.eus\\\/wp-content\\\/uploads\\\/2021\\\/09\\\/musika-urbiletik.jpg\",\"contentUrl\":\"https:\\\/\\\/www.bilbaorkestra.eus\\\/wp-content\\\/uploads\\\/2021\\\/09\\\/musika-urbiletik.jpg\",\"width\":800,\"height\":500},{\"@type\":\"BreadcrumbList\",\"@id\":\"https:\\\/\\\/www.bilbaorkestra.eus\\\/en\\\/la-musica-de-cerca-ciclo-xiv\\\/#breadcrumb\",\"itemListElement\":[{\"@type\":\"ListItem\",\"position\":1,\"name\":\"Portada\",\"item\":\"https:\\\/\\\/www.bilbaorkestra.eus\\\/\"},{\"@type\":\"ListItem\",\"position\":2,\"name\":\"LA M\u00daSICA DE CERCA &#8211; Ciclo XIV\"}]},{\"@type\":\"WebSite\",\"@id\":\"https:\\\/\\\/www.bilbaorkestra.eus\\\/#website\",\"url\":\"https:\\\/\\\/www.bilbaorkestra.eus\\\/\",\"name\":\"Bilbao Orkestra Sinfonikoa\",\"description\":\"P\u00e1gina web de la Orquesta Sinf\u00f3nica de Bilbao\",\"publisher\":{\"@id\":\"https:\\\/\\\/www.bilbaorkestra.eus\\\/#organization\"},\"potentialAction\":[{\"@type\":\"SearchAction\",\"target\":{\"@type\":\"EntryPoint\",\"urlTemplate\":\"https:\\\/\\\/www.bilbaorkestra.eus\\\/?s={search_term_string}\"},\"query-input\":{\"@type\":\"PropertyValueSpecification\",\"valueRequired\":true,\"valueName\":\"search_term_string\"}}],\"inLanguage\":\"en-US\"},{\"@type\":\"Organization\",\"@id\":\"https:\\\/\\\/www.bilbaorkestra.eus\\\/#organization\",\"name\":\"Bilbao Orkestra Sinfonikoa\",\"url\":\"https:\\\/\\\/www.bilbaorkestra.eus\\\/\",\"logo\":{\"@type\":\"ImageObject\",\"inLanguage\":\"en-US\",\"@id\":\"https:\\\/\\\/www.bilbaorkestra.eus\\\/#\\\/schema\\\/logo\\\/image\\\/\",\"url\":\"https:\\\/\\\/www.bilbaorkestra.eus\\\/wp-content\\\/uploads\\\/2016\\\/04\\\/logo-BOS-CMYK.jpg\",\"contentUrl\":\"https:\\\/\\\/www.bilbaorkestra.eus\\\/wp-content\\\/uploads\\\/2016\\\/04\\\/logo-BOS-CMYK.jpg\",\"width\":1772,\"height\":2113,\"caption\":\"Bilbao Orkestra Sinfonikoa\"},\"image\":{\"@id\":\"https:\\\/\\\/www.bilbaorkestra.eus\\\/#\\\/schema\\\/logo\\\/image\\\/\"},\"sameAs\":[\"https:\\\/\\\/www.facebook.com\\\/SinfonicadeBilbao\"]},{\"@type\":\"Person\",\"@id\":\"https:\\\/\\\/www.bilbaorkestra.eus\\\/#\\\/schema\\\/person\\\/13378462cfa1c45ee3b8f8772e2bed1d\",\"name\":\"trek\",\"image\":{\"@type\":\"ImageObject\",\"inLanguage\":\"en-US\",\"@id\":\"https:\\\/\\\/secure.gravatar.com\\\/avatar\\\/f3c007bca7e0cf283dcd16b02bbaedbf3c5cf11c44d9e027ecf0a4846842e067?s=96&d=mm&r=g\",\"url\":\"https:\\\/\\\/secure.gravatar.com\\\/avatar\\\/f3c007bca7e0cf283dcd16b02bbaedbf3c5cf11c44d9e027ecf0a4846842e067?s=96&d=mm&r=g\",\"contentUrl\":\"https:\\\/\\\/secure.gravatar.com\\\/avatar\\\/f3c007bca7e0cf283dcd16b02bbaedbf3c5cf11c44d9e027ecf0a4846842e067?s=96&d=mm&r=g\",\"caption\":\"trek\"},\"url\":\"https:\\\/\\\/www.bilbaorkestra.eus\\\/en\\\/author\\\/trek\\\/\"}]}<\/script>\n<!-- \/ Yoast SEO plugin. -->","yoast_head_json":{"title":"LA M\u00daSICA DE CERCA - Ciclo XIV - Bilbao Orkestra Sinfonikoa","robots":{"index":"index","follow":"follow","max-snippet":"max-snippet:-1","max-image-preview":"max-image-preview:large","max-video-preview":"max-video-preview:-1"},"canonical":"https:\/\/www.bilbaorkestra.eus\/en\/la-musica-de-cerca-ciclo-xiv\/","og_locale":"en_US","og_type":"article","og_title":"LA M\u00daSICA DE CERCA - Ciclo XIV - Bilbao Orkestra Sinfonikoa","og_description":"El gran repertorio sinf\u00f3nico. Una inigualable banda sonora ciudadana. Impartido por Mercedes Albaina Plazo de inscripci\u00f3n abierto desde el 4 de octubre. Primera conferencia 20 de octubre. Contenido del ciclo Durante un siglo la Orquesta de Bilbao ha coloreado el paisaje sonoro de una ciudad -y m\u00e1s all\u00e1- en imparable crecimiento. A lo largo de &hellip; Continue reading \"LA M\u00daSICA DE CERCA &#8211; Ciclo XIV\"","og_url":"https:\/\/www.bilbaorkestra.eus\/en\/la-musica-de-cerca-ciclo-xiv\/","og_site_name":"Bilbao Orkestra Sinfonikoa","article_publisher":"https:\/\/www.facebook.com\/SinfonicadeBilbao","article_published_time":"2021-09-27T14:14:20+00:00","article_modified_time":"2021-10-08T11:43:53+00:00","og_image":[{"width":800,"height":500,"url":"https:\/\/www.bilbaorkestra.eus\/wp-content\/uploads\/2021\/09\/musika-urbiletik.jpg","type":"image\/jpeg"}],"author":"trek","twitter_card":"summary_large_image","twitter_misc":{"Written by":"trek","Est. reading time":"2 minutes"},"schema":{"@context":"https:\/\/schema.org","@graph":[{"@type":"Article","@id":"https:\/\/www.bilbaorkestra.eus\/en\/la-musica-de-cerca-ciclo-xiv\/#article","isPartOf":{"@id":"https:\/\/www.bilbaorkestra.eus\/en\/la-musica-de-cerca-ciclo-xiv\/"},"author":{"name":"trek","@id":"https:\/\/www.bilbaorkestra.eus\/#\/schema\/person\/13378462cfa1c45ee3b8f8772e2bed1d"},"headline":"LA M\u00daSICA DE CERCA &#8211; Ciclo XIV","datePublished":"2021-09-27T14:14:20+00:00","dateModified":"2021-10-08T11:43:53+00:00","mainEntityOfPage":{"@id":"https:\/\/www.bilbaorkestra.eus\/en\/la-musica-de-cerca-ciclo-xiv\/"},"wordCount":342,"commentCount":0,"publisher":{"@id":"https:\/\/www.bilbaorkestra.eus\/#organization"},"image":{"@id":"https:\/\/www.bilbaorkestra.eus\/en\/la-musica-de-cerca-ciclo-xiv\/#primaryimage"},"thumbnailUrl":"https:\/\/www.bilbaorkestra.eus\/wp-content\/uploads\/2021\/09\/musika-urbiletik.jpg","articleSection":["new"],"inLanguage":"en-US","potentialAction":[{"@type":"CommentAction","name":"Comment","target":["https:\/\/www.bilbaorkestra.eus\/en\/la-musica-de-cerca-ciclo-xiv\/#respond"]}]},{"@type":"WebPage","@id":"https:\/\/www.bilbaorkestra.eus\/en\/la-musica-de-cerca-ciclo-xiv\/","url":"https:\/\/www.bilbaorkestra.eus\/en\/la-musica-de-cerca-ciclo-xiv\/","name":"LA M\u00daSICA DE CERCA - Ciclo XIV - Bilbao Orkestra Sinfonikoa","isPartOf":{"@id":"https:\/\/www.bilbaorkestra.eus\/#website"},"primaryImageOfPage":{"@id":"https:\/\/www.bilbaorkestra.eus\/en\/la-musica-de-cerca-ciclo-xiv\/#primaryimage"},"image":{"@id":"https:\/\/www.bilbaorkestra.eus\/en\/la-musica-de-cerca-ciclo-xiv\/#primaryimage"},"thumbnailUrl":"https:\/\/www.bilbaorkestra.eus\/wp-content\/uploads\/2021\/09\/musika-urbiletik.jpg","datePublished":"2021-09-27T14:14:20+00:00","dateModified":"2021-10-08T11:43:53+00:00","breadcrumb":{"@id":"https:\/\/www.bilbaorkestra.eus\/en\/la-musica-de-cerca-ciclo-xiv\/#breadcrumb"},"inLanguage":"en-US","potentialAction":[{"@type":"ReadAction","target":["https:\/\/www.bilbaorkestra.eus\/en\/la-musica-de-cerca-ciclo-xiv\/"]}]},{"@type":"ImageObject","inLanguage":"en-US","@id":"https:\/\/www.bilbaorkestra.eus\/en\/la-musica-de-cerca-ciclo-xiv\/#primaryimage","url":"https:\/\/www.bilbaorkestra.eus\/wp-content\/uploads\/2021\/09\/musika-urbiletik.jpg","contentUrl":"https:\/\/www.bilbaorkestra.eus\/wp-content\/uploads\/2021\/09\/musika-urbiletik.jpg","width":800,"height":500},{"@type":"BreadcrumbList","@id":"https:\/\/www.bilbaorkestra.eus\/en\/la-musica-de-cerca-ciclo-xiv\/#breadcrumb","itemListElement":[{"@type":"ListItem","position":1,"name":"Portada","item":"https:\/\/www.bilbaorkestra.eus\/"},{"@type":"ListItem","position":2,"name":"LA M\u00daSICA DE CERCA &#8211; Ciclo XIV"}]},{"@type":"WebSite","@id":"https:\/\/www.bilbaorkestra.eus\/#website","url":"https:\/\/www.bilbaorkestra.eus\/","name":"Bilbao Orkestra Sinfonikoa","description":"P\u00e1gina web de la Orquesta Sinf\u00f3nica de Bilbao","publisher":{"@id":"https:\/\/www.bilbaorkestra.eus\/#organization"},"potentialAction":[{"@type":"SearchAction","target":{"@type":"EntryPoint","urlTemplate":"https:\/\/www.bilbaorkestra.eus\/?s={search_term_string}"},"query-input":{"@type":"PropertyValueSpecification","valueRequired":true,"valueName":"search_term_string"}}],"inLanguage":"en-US"},{"@type":"Organization","@id":"https:\/\/www.bilbaorkestra.eus\/#organization","name":"Bilbao Orkestra Sinfonikoa","url":"https:\/\/www.bilbaorkestra.eus\/","logo":{"@type":"ImageObject","inLanguage":"en-US","@id":"https:\/\/www.bilbaorkestra.eus\/#\/schema\/logo\/image\/","url":"https:\/\/www.bilbaorkestra.eus\/wp-content\/uploads\/2016\/04\/logo-BOS-CMYK.jpg","contentUrl":"https:\/\/www.bilbaorkestra.eus\/wp-content\/uploads\/2016\/04\/logo-BOS-CMYK.jpg","width":1772,"height":2113,"caption":"Bilbao Orkestra Sinfonikoa"},"image":{"@id":"https:\/\/www.bilbaorkestra.eus\/#\/schema\/logo\/image\/"},"sameAs":["https:\/\/www.facebook.com\/SinfonicadeBilbao"]},{"@type":"Person","@id":"https:\/\/www.bilbaorkestra.eus\/#\/schema\/person\/13378462cfa1c45ee3b8f8772e2bed1d","name":"trek","image":{"@type":"ImageObject","inLanguage":"en-US","@id":"https:\/\/secure.gravatar.com\/avatar\/f3c007bca7e0cf283dcd16b02bbaedbf3c5cf11c44d9e027ecf0a4846842e067?s=96&d=mm&r=g","url":"https:\/\/secure.gravatar.com\/avatar\/f3c007bca7e0cf283dcd16b02bbaedbf3c5cf11c44d9e027ecf0a4846842e067?s=96&d=mm&r=g","contentUrl":"https:\/\/secure.gravatar.com\/avatar\/f3c007bca7e0cf283dcd16b02bbaedbf3c5cf11c44d9e027ecf0a4846842e067?s=96&d=mm&r=g","caption":"trek"},"url":"https:\/\/www.bilbaorkestra.eus\/en\/author\/trek\/"}]}},"_links":{"self":[{"href":"https:\/\/www.bilbaorkestra.eus\/en\/wp-json\/wp\/v2\/posts\/18784","targetHints":{"allow":["GET"]}}],"collection":[{"href":"https:\/\/www.bilbaorkestra.eus\/en\/wp-json\/wp\/v2\/posts"}],"about":[{"href":"https:\/\/www.bilbaorkestra.eus\/en\/wp-json\/wp\/v2\/types\/post"}],"author":[{"embeddable":true,"href":"https:\/\/www.bilbaorkestra.eus\/en\/wp-json\/wp\/v2\/users\/1"}],"replies":[{"embeddable":true,"href":"https:\/\/www.bilbaorkestra.eus\/en\/wp-json\/wp\/v2\/comments?post=18784"}],"version-history":[{"count":1,"href":"https:\/\/www.bilbaorkestra.eus\/en\/wp-json\/wp\/v2\/posts\/18784\/revisions"}],"predecessor-version":[{"id":18785,"href":"https:\/\/www.bilbaorkestra.eus\/en\/wp-json\/wp\/v2\/posts\/18784\/revisions\/18785"}],"wp:featuredmedia":[{"embeddable":true,"href":"https:\/\/www.bilbaorkestra.eus\/en\/wp-json\/wp\/v2\/media\/18491"}],"wp:attachment":[{"href":"https:\/\/www.bilbaorkestra.eus\/en\/wp-json\/wp\/v2\/media?parent=18784"}],"wp:term":[{"taxonomy":"category","embeddable":true,"href":"https:\/\/www.bilbaorkestra.eus\/en\/wp-json\/wp\/v2\/categories?post=18784"},{"taxonomy":"post_tag","embeddable":true,"href":"https:\/\/www.bilbaorkestra.eus\/en\/wp-json\/wp\/v2\/tags?post=18784"}],"curies":[{"name":"wp","href":"https:\/\/api.w.org\/{rel}","templated":true}]}}